{"id":104938,"date":"2023-12-04T17:53:33","date_gmt":"2023-12-04T17:53:33","guid":{"rendered":"https:\/\/primicias2262.com\/noticias\/?p=104938"},"modified":"2023-12-05T12:24:25","modified_gmt":"2023-12-05T12:24:25","slug":"hcd-este-miercoles-es-la-ultima-sesion-de-la-actual-conformacion-y-por-la-tarde-se-otorgan-reconocimientos","status":"publish","type":"post","link":"https:\/\/primicias2262.com\/noticias\/hcd-este-miercoles-es-la-ultima-sesion-de-la-actual-conformacion-y-por-la-tarde-se-otorgan-reconocimientos\/","title":{"rendered":"HCD: este mi\u00e9rcoles es la \u00faltima sesi\u00f3n de la actual conformaci\u00f3n y por la tarde se otorgan reconocimientos"},"content":{"rendered":"<p><strong>As\u00ed lo confirm\u00f3 en \u201cVoces de la Ciudad\u201d el actual presidente -y probablemente reelecto- del Honorable Concejo Deliberante de Necochea, Guillermo S\u00e1nchez.<\/strong><\/p>\n<p>En di\u00e1logo con el periodista Jorge G\u00f3mez, el abogado confirm\u00f3 que \u201cel Concejo Deliberante sesiona este mi\u00e9rcoles a las 10 y ser\u00e1 la \u00faltima de esta conformaci\u00f3n actual, con varios expedientes para tratar y a la espera del Presupuesto para el a\u00f1o venidero. Mientras tanto seguimos trabajando con las comisiones y con expectativas de la \u00faltima sesi\u00f3n\u201d.<\/p>\n<p>La del mi\u00e9rcoles ser\u00e1 una jornada doble, ya que a las 18.30 habr\u00e1 entrega de reconocimientos especiales en el Concejo. \u201cSon cerca de 80 que los tenemos divididos y queremos hacerlo r\u00e1pido para que no se haga tedioso. Hemos decidido como hacemos todos los a\u00f1os reconocer a distintas personalidades de la cultura y el deporte\u201d, anticip\u00f3 S\u00e1nchez.<\/p>\n<p>Por consiguiente \u201ctendremos una doble jornada el mi\u00e9rcoles con la actual conformaci\u00f3n del Concejo, no solo para despedir a los concejales que se van sino para realizar el reconocimiento anual a todos los que se han destacado durante el a\u00f1o\u201d, reafirm\u00f3.<\/p>\n<p>Respecto a la sesi\u00f3n matinal, se tratar\u00eda el nuevo precio del boleto plano de pasajeros del transporte urbano, que podr\u00eda ser de 295 pesos. \u201cVa ir a tratamiento porque hay explicaciones y fundamentos de los distintos bloques por el tema del aumento\u201d, aclar\u00f3 el concejal electo, ampliando que \u201cest\u00e1 claro que por esta posible quita de subsidios que se viene para el transporte va a haber aumentos alt\u00edsimos del boleto en todo el pa\u00eds y estamos tratando de adelantarnos para colaborar con la empresa y garantizar el servicio al usuario\u201d.<\/p>\n<p>En ese marco, subray\u00f3 que \u201chay que mediar con la prioridad de no perder el servicio y que el usuario pueda utilizarlo y que la empresa pueda prestarlo, es irremediable un aumento y estamos tratando de encontrar el n\u00famero final y el fundamento correspondiente\u201d.<\/p>\n<p>Finalmente, record\u00f3 que dentro de una semana, el lunes 11 a las 19 ser\u00e1 la sesi\u00f3n preparatoria con la jura de los nuevos concejales y la jura del intendente Arturo Rojas, y S\u00e1nchez no descart\u00f3 ser reelecto presidente del HCD, aunque aclar\u00f3 que \u201cqueremos que sea todo por unanimidad\u201d.<\/p>\n","protected":false},"excerpt":{"rendered":"<p>As\u00ed lo confirm\u00f3 en \u201cVoces de la Ciudad\u201d el actual presidente -y probablemente reelecto- del Honorable Concejo Deliberante de Necochea, Guillermo S\u00e1nchez. En di\u00e1logo con el periodista Jorge G\u00f3mez, el abogado confirm\u00f3 que \u201cel Concejo Deliberante sesiona este mi\u00e9rcoles a las 10 y ser\u00e1 la \u00faltima de esta conformaci\u00f3n actual, con varios expedientes para tratar [&hellip;]<\/p>\n","protected":false},"author":3,"featured_media":100225,"comment_status":"open","ping_status":"open","sticky":false,"template":"","format":"standard","meta":{"footnotes":""},"categories":[3],"tags":[],"class_list":["post-104938","post","type-post","status-publish","format-standard","has-post-thumbnail","category-masnoticias"],"_links":{"self":[{"href":"https:\/\/primicias2262.com\/noticias\/wp-json\/wp\/v2\/posts\/104938","targetHints":{"allow":["GET"]}}],"collection":[{"href":"https:\/\/primicias2262.com\/noticias\/wp-json\/wp\/v2\/posts"}],"about":[{"href":"https:\/\/primicias2262.com\/noticias\/wp-json\/wp\/v2\/types\/post"}],"author":[{"embeddable":true,"href":"https:\/\/primicias2262.com\/noticias\/wp-json\/wp\/v2\/users\/3"}],"replies":[{"embeddable":true,"href":"https:\/\/primicias2262.com\/noticias\/wp-json\/wp\/v2\/comments?post=104938"}],"version-history":[{"count":2,"href":"https:\/\/primicias2262.com\/noticias\/wp-json\/wp\/v2\/posts\/104938\/revisions"}],"predecessor-version":[{"id":104964,"href":"https:\/\/primicias2262.com\/noticias\/wp-json\/wp\/v2\/posts\/104938\/revisions\/104964"}],"wp:featuredmedia":[{"embeddable":true,"href":"https:\/\/primicias2262.com\/noticias\/wp-json\/wp\/v2\/media\/100225"}],"wp:attachment":[{"href":"https:\/\/primicias2262.com\/noticias\/wp-json\/wp\/v2\/media?parent=104938"}],"wp:term":[{"taxonomy":"category","embeddable":true,"href":"https:\/\/primicias2262.com\/noticias\/wp-json\/wp\/v2\/categories?post=104938"},{"taxonomy":"post_tag","embeddable":true,"href":"https:\/\/primicias2262.com\/noticias\/wp-json\/wp\/v2\/tags?post=104938"}],"curies":[{"name":"wp","href":"https:\/\/api.w.org\/{rel}","templated":true}]}}