{"id":104940,"date":"2023-12-04T17:56:33","date_gmt":"2023-12-04T17:56:33","guid":{"rendered":"https:\/\/primicias2262.com\/noticias\/?p=104940"},"modified":"2023-12-05T12:21:02","modified_gmt":"2023-12-05T12:21:02","slug":"nicolas-amendola-batio-el-record-nacional-de-los-100-mariposa-en-el-selectivo-a-los-trisome-de-turquia-2024","status":"publish","type":"post","link":"https:\/\/primicias2262.com\/noticias\/nicolas-amendola-batio-el-record-nacional-de-los-100-mariposa-en-el-selectivo-a-los-trisome-de-turquia-2024\/","title":{"rendered":"Nicol\u00e1s Am\u00e9ndola bati\u00f3 el r\u00e9cord nacional de los 100 mariposa en el selectivo a los Trisome de Turqu\u00eda 2024"},"content":{"rendered":"<div class=\"elementor-element elementor-element-38a37d5 elementor-widget elementor-widget-theme-post-content\" data-id=\"38a37d5\" data-element_type=\"widget\" data-widget_type=\"theme-post-content.default\">\n<div class=\"elementor-widget-container\">\n<p><strong>El alumno de \u201cTodos al Agua\u201d volvi\u00f3 a lucirse durante la concentraci\u00f3n nacional en Santa Fe y lidera la pre-selecci\u00f3n de cara a los Trisome Games de Turqu\u00eda el a\u00f1o venidero.<\/strong><\/p>\n<p>Una vez m\u00e1s la nataci\u00f3n adaptada de Necochea es noticia, de la mano de uno de los referentes de la Escuela Municipal \u201cTodos al Agua\u201d, Nicol\u00e1s Am\u00e9ndola, quien logr\u00f3 batir el r\u00e9cord nacional en los 100 metros mariposa en nueve segundos, con un registro de 1.34.56. La marca hasta el momento la ten\u00eda Agust\u00edn Gazzano compa\u00f1ero de selecci\u00f3n nacional de Nicol\u00e1s.<\/p>\n<p>Esto fue durante el viernes y s\u00e1bado pasado en el torneo provincial de Club Libertad de San Jer\u00f3nimo Norte, provincia de Santa Fe, en ocasi\u00f3n de la concentraci\u00f3n de la pre-Selecci\u00f3n nacional de atletas con S\u00edndrome de Down, tras lo cual el entrenado por el Prof. Marcos Bertone qued\u00f3 en el primer lugar dentro de los 11 deportistas preseleccionados, de cara al Mundial de Turqu\u00eda 2024.<\/p>\n<figure class=\"wp-block-gallery has-nested-images columns-default is-cropped wp-block-gallery-1 is-layout-flex wp-block-gallery-is-layout-flex\">\n<figure class=\"wp-block-image size-large\"><img loading=\"lazy\" decoding=\"async\" class=\"wp-image-82512\" src=\"https:\/\/necochea.gov.ar\/wp-content\/uploads\/2023\/12\/FOTO-Bertone-Amendola2.jpeg\" alt=\"\" width=\"900\" height=\"1600\" data-id=\"82512\" \/><\/figure>\n<figure class=\"wp-block-image size-large\"><img loading=\"lazy\" decoding=\"async\" class=\"wp-image-82511\" src=\"https:\/\/necochea.gov.ar\/wp-content\/uploads\/2023\/12\/FOTO-Bertone-Amendola.jpeg\" alt=\"\" width=\"900\" height=\"1600\" data-id=\"82511\" \/><\/figure>\n<\/figure>\n<p>Adem\u00e1s, Nicol\u00e1s tambi\u00e9n logr\u00f3 el triunfo en los 50 metros mariposa con un tiempo de 37. 40, mejorando su marca en 6 segundos y obteniendo el mejor registro de la temporada para la selecci\u00f3n. En tanto, en los 50 metros libres baj\u00f3 su marca en 45 cent\u00e9simas.<\/p>\n<p>En lo que es un gran a\u00f1o transitado por Am\u00e9ndola, se recuerda que en marzo pasado logr\u00f3 dos medallas de plata durante su participaci\u00f3n en el Campeonato Americano Tri 21 desarrollado en el Cenard de Buenos Aires, tanto en la prueba de 50 metros libres como en la posta 4\u00d750 metros combinados.<\/p>\n<\/div>\n<\/div>\n","protected":false},"excerpt":{"rendered":"<p>El alumno de \u201cTodos al Agua\u201d volvi\u00f3 a lucirse durante la concentraci\u00f3n nacional en Santa Fe y lidera la pre-selecci\u00f3n de cara a los Trisome Games de Turqu\u00eda el a\u00f1o venidero. Una vez m\u00e1s la nataci\u00f3n adaptada de Necochea es noticia, de la mano de uno de los referentes de la Escuela Municipal \u201cTodos al [&hellip;]<\/p>\n","protected":false},"author":3,"featured_media":104941,"comment_status":"open","ping_status":"open","sticky":false,"template":"","format":"standard","meta":{"footnotes":""},"categories":[3],"tags":[],"class_list":["post-104940","post","type-post","status-publish","format-standard","has-post-thumbnail","category-masnoticias"],"_links":{"self":[{"href":"https:\/\/primicias2262.com\/noticias\/wp-json\/wp\/v2\/posts\/104940","targetHints":{"allow":["GET"]}}],"collection":[{"href":"https:\/\/primicias2262.com\/noticias\/wp-json\/wp\/v2\/posts"}],"about":[{"href":"https:\/\/primicias2262.com\/noticias\/wp-json\/wp\/v2\/types\/post"}],"author":[{"embeddable":true,"href":"https:\/\/primicias2262.com\/noticias\/wp-json\/wp\/v2\/users\/3"}],"replies":[{"embeddable":true,"href":"https:\/\/primicias2262.com\/noticias\/wp-json\/wp\/v2\/comments?post=104940"}],"version-history":[{"count":1,"href":"https:\/\/primicias2262.com\/noticias\/wp-json\/wp\/v2\/posts\/104940\/revisions"}],"predecessor-version":[{"id":104942,"href":"https:\/\/primicias2262.com\/noticias\/wp-json\/wp\/v2\/posts\/104940\/revisions\/104942"}],"wp:featuredmedia":[{"embeddable":true,"href":"https:\/\/primicias2262.com\/noticias\/wp-json\/wp\/v2\/media\/104941"}],"wp:attachment":[{"href":"https:\/\/primicias2262.com\/noticias\/wp-json\/wp\/v2\/media?parent=104940"}],"wp:term":[{"taxonomy":"category","embeddable":true,"href":"https:\/\/primicias2262.com\/noticias\/wp-json\/wp\/v2\/categories?post=104940"},{"taxonomy":"post_tag","embeddable":true,"href":"https:\/\/primicias2262.com\/noticias\/wp-json\/wp\/v2\/tags?post=104940"}],"curies":[{"name":"wp","href":"https:\/\/api.w.org\/{rel}","templated":true}]}}