{"id":104943,"date":"2023-12-04T17:59:31","date_gmt":"2023-12-04T17:59:31","guid":{"rendered":"https:\/\/primicias2262.com\/noticias\/?p=104943"},"modified":"2023-12-05T12:12:37","modified_gmt":"2023-12-05T12:12:37","slug":"masiva-concurrencia-a-la-muestra-de-fin-de-ano-de-los-talleres-de-el-samaritano","status":"publish","type":"post","link":"https:\/\/primicias2262.com\/noticias\/masiva-concurrencia-a-la-muestra-de-fin-de-ano-de-los-talleres-de-el-samaritano\/","title":{"rendered":"Masiva concurrencia a la muestra de fin de a\u00f1o de los talleres de \u00abEl Samaritano\u00bb"},"content":{"rendered":"<p><strong>La gala se realiz\u00f3 en el Teatro Municipal, a sala llena. Desde su apertura, en articulaci\u00f3n con la Secretar\u00eda de Desarrollo Humano y Pol\u00edticas Sociales, la entidad viene brindando cursos de teatro, telar, lengua de se\u00f1as, ajedrez y yoga, totalmente gratuitos y abiertos a la comunidad.<\/strong><\/p>\n<p>En la noche del pasado viernes 1\u00ba de diciembre, el Hogar de Tr\u00e1nsito \u201cEl Samaritano\u201d, cuya sede funciona en calle 65 al 2900, realiz\u00f3 la clausura de su ciclo de talleres anuales con una gala en el Teatro Municipal \u201cLuis Sandrini\u201d.<\/p>\n<p>&nbsp;<\/p>\n<figure class=\"wp-block-gallery has-nested-images columns-default is-cropped wp-block-gallery-1 is-layout-flex wp-block-gallery-is-layout-flex\">\n<figure class=\"wp-block-image size-large\"><img loading=\"lazy\" decoding=\"async\" class=\"wp-image-82516\" src=\"https:\/\/necochea.gov.ar\/wp-content\/uploads\/2023\/12\/04-12-FOTO-Taller-El-Samaritano-Cierre-Talleres-02.jpeg\" alt=\"\" width=\"1280\" height=\"853\" data-id=\"82516\" \/><\/figure>\n<figure class=\"wp-block-image size-large\"><img loading=\"lazy\" decoding=\"async\" class=\"wp-image-82515\" src=\"https:\/\/necochea.gov.ar\/wp-content\/uploads\/2023\/12\/04-12-FOTO-Taller-El-Samaritano-Cierre-Talleres-01.jpeg\" alt=\"\" width=\"1280\" height=\"853\" data-id=\"82515\" \/><\/figure>\n<\/figure>\n<p>&nbsp;<\/p>\n<p>El evento, que comenz\u00f3 alrededor de las 20, cont\u00f3 con una sala repleta de familiares y amigos que se acercaron a observar las presentaciones de los adultos y adultas mayores que participan de las variadas actividades que ofrece la instituci\u00f3n.<\/p>\n<p>En ese marco y entre otros cursos autogestionados, vale destacar que es a trav\u00e9s de un convenio y en articulaci\u00f3n con la Secretar\u00eda de Desarrollo Humano y Pol\u00edticas Sociales que el hogar viene brindando desde su apertura talleres de teatro, telar, lengua de se\u00f1as, ajedrez y yoga; suministr\u00e1ndose desde la comuna personal administrativo y auxiliar para su funcionamiento.<\/p>\n<p>&nbsp;<\/p>\n<figure class=\"wp-block-gallery has-nested-images columns-default is-cropped wp-block-gallery-2 is-layout-flex wp-block-gallery-is-layout-flex\">\n<figure class=\"wp-block-image size-large\"><img loading=\"lazy\" decoding=\"async\" class=\"wp-image-82518\" src=\"https:\/\/necochea.gov.ar\/wp-content\/uploads\/2023\/12\/04-12-FOTO-Taller-El-Samaritano-Cierre-Talleres-04.jpg\" alt=\"\" width=\"960\" height=\"640\" data-id=\"82518\" \/><\/figure>\n<figure class=\"wp-block-image size-large\"><img loading=\"lazy\" decoding=\"async\" class=\"wp-image-82519\" src=\"https:\/\/necochea.gov.ar\/wp-content\/uploads\/2023\/12\/04-12-FOTO-Taller-El-Samaritano-Cierre-Talleres-05.jpg\" alt=\"\" width=\"960\" height=\"640\" data-id=\"82519\" \/><\/figure>\n<\/figure>\n<p>&nbsp;<\/p>\n<p>Desde esa \u00e1rea remarcaron, una vez terminado el acto de clausura, que cont\u00f3 con dos muestras previas en la sede de la instituci\u00f3n, entre el martes 28 y mi\u00e9rcoles 29 de noviembre, que los talleres son gratuitos y abiertos a la comunidad, mientras que las inscripciones para el ciclo lectivo 2024 se llevar\u00e1n a cabo en el mes de febrero, pudiendo comunicarse los interesados e interesadas al tel\u00e9fono 43 7774, de lunes a viernes y en el horario de 8:15 a 13:45.<\/p>\n<p>A lo largo de este 2023, fueron m\u00e1s de 200 alumnos y alumnas las que participaron en los cerca de treinta talleres que se dictaron en la entidad. \u201c\u00a1Gracias a todos por participar! M\u00e1s que felices del desarrollo del cierre de fin de a\u00f1o\u201d, replicaron en sus redes sociales las autoridades del hogar.<\/p>\n<p><a href=\"https:\/\/primicias2262.com\/noticias\/wp-content\/uploads\/2023\/12\/04-12-FOTO-Taller-El-Samaritano-Cierre-Talleres-03.jpeg\"><img loading=\"lazy\" decoding=\"async\" class=\"aligncenter size-full wp-image-104945\" src=\"https:\/\/primicias2262.com\/noticias\/wp-content\/uploads\/2023\/12\/04-12-FOTO-Taller-El-Samaritano-Cierre-Talleres-03.jpeg\" alt=\"\" width=\"1280\" height=\"853\" srcset=\"https:\/\/primicias2262.com\/noticias\/wp-content\/uploads\/2023\/12\/04-12-FOTO-Taller-El-Samaritano-Cierre-Talleres-03.jpeg 1280w, https:\/\/primicias2262.com\/noticias\/wp-content\/uploads\/2023\/12\/04-12-FOTO-Taller-El-Samaritano-Cierre-Talleres-03-300x200.jpeg 300w, https:\/\/primicias2262.com\/noticias\/wp-content\/uploads\/2023\/12\/04-12-FOTO-Taller-El-Samaritano-Cierre-Talleres-03-1024x682.jpeg 1024w, https:\/\/primicias2262.com\/noticias\/wp-content\/uploads\/2023\/12\/04-12-FOTO-Taller-El-Samaritano-Cierre-Talleres-03-768x512.jpeg 768w, https:\/\/primicias2262.com\/noticias\/wp-content\/uploads\/2023\/12\/04-12-FOTO-Taller-El-Samaritano-Cierre-Talleres-03-150x100.jpeg 150w, https:\/\/primicias2262.com\/noticias\/wp-content\/uploads\/2023\/12\/04-12-FOTO-Taller-El-Samaritano-Cierre-Talleres-03-696x464.jpeg 696w, https:\/\/primicias2262.com\/noticias\/wp-content\/uploads\/2023\/12\/04-12-FOTO-Taller-El-Samaritano-Cierre-Talleres-03-1068x712.jpeg 1068w\" sizes=\"auto, (max-width: 1280px) 100vw, 1280px\" \/><\/a><\/p>\n","protected":false},"excerpt":{"rendered":"<p>La gala se realiz\u00f3 en el Teatro Municipal, a sala llena. Desde su apertura, en articulaci\u00f3n con la Secretar\u00eda de Desarrollo Humano y Pol\u00edticas Sociales, la entidad viene brindando cursos de teatro, telar, lengua de se\u00f1as, ajedrez y yoga, totalmente gratuitos y abiertos a la comunidad. En la noche del pasado viernes 1\u00ba de diciembre, [&hellip;]<\/p>\n","protected":false},"author":3,"featured_media":104944,"comment_status":"open","ping_status":"open","sticky":false,"template":"","format":"standard","meta":{"footnotes":""},"categories":[3],"tags":[],"class_list":["post-104943","post","type-post","status-publish","format-standard","has-post-thumbnail","category-masnoticias"],"_links":{"self":[{"href":"https:\/\/primicias2262.com\/noticias\/wp-json\/wp\/v2\/posts\/104943","targetHints":{"allow":["GET"]}}],"collection":[{"href":"https:\/\/primicias2262.com\/noticias\/wp-json\/wp\/v2\/posts"}],"about":[{"href":"https:\/\/primicias2262.com\/noticias\/wp-json\/wp\/v2\/types\/post"}],"author":[{"embeddable":true,"href":"https:\/\/primicias2262.com\/noticias\/wp-json\/wp\/v2\/users\/3"}],"replies":[{"embeddable":true,"href":"https:\/\/primicias2262.com\/noticias\/wp-json\/wp\/v2\/comments?post=104943"}],"version-history":[{"count":2,"href":"https:\/\/primicias2262.com\/noticias\/wp-json\/wp\/v2\/posts\/104943\/revisions"}],"predecessor-version":[{"id":104956,"href":"https:\/\/primicias2262.com\/noticias\/wp-json\/wp\/v2\/posts\/104943\/revisions\/104956"}],"wp:featuredmedia":[{"embeddable":true,"href":"https:\/\/primicias2262.com\/noticias\/wp-json\/wp\/v2\/media\/104944"}],"wp:attachment":[{"href":"https:\/\/primicias2262.com\/noticias\/wp-json\/wp\/v2\/media?parent=104943"}],"wp:term":[{"taxonomy":"category","embeddable":true,"href":"https:\/\/primicias2262.com\/noticias\/wp-json\/wp\/v2\/categories?post=104943"},{"taxonomy":"post_tag","embeddable":true,"href":"https:\/\/primicias2262.com\/noticias\/wp-json\/wp\/v2\/tags?post=104943"}],"curies":[{"name":"wp","href":"https:\/\/api.w.org\/{rel}","templated":true}]}}