{"id":104948,"date":"2023-12-04T18:03:12","date_gmt":"2023-12-04T18:03:12","guid":{"rendered":"https:\/\/primicias2262.com\/noticias\/?p=104948"},"modified":"2023-12-05T16:55:26","modified_gmt":"2023-12-05T16:55:26","slug":"este-viernes-se-encendera-el-arbol-de-navidad-en-la-plaza-dardo-rocha","status":"publish","type":"post","link":"https:\/\/primicias2262.com\/noticias\/este-viernes-se-encendera-el-arbol-de-navidad-en-la-plaza-dardo-rocha\/","title":{"rendered":"Este viernes se encender\u00e1 el \u00c1rbol de Navidad en la Plaza Dardo Rocha"},"content":{"rendered":"<p><strong>A tono con el esp\u00edritu navide\u00f1o de cada a\u00f1o, Cultura organiza una jornada festiva para toda la familia con el acompa\u00f1amiento de diferentes expresiones art\u00edsticas.<\/strong><\/p>\n<p>La Direcci\u00f3n de Cultura inform\u00f2 que el viernes 8 de diciembre a partir de las 20, en la Plaza Dardo Rocha, se realizar\u00e1 la inauguraci\u00f3n del encendido de luces del tradicional \u00c1rbol de Navidad, junto al pesebre y el trineo.<\/p>\n<p>Desde dicha \u00e1rea, a cargo de Juan Gamba, destacaron que en la ceremonia se contar\u00e1 \u00a0con la participaci\u00f3n de la Escuela Municipal de Danzas Cl\u00e1sicas de Necochea, el Coro Alta Mira y El Ensamble de Guitarras de la Escuela Provincial de Arte N\u00ba 1 \u201cOrillas Del Quequ\u00e9n\u201d.<\/p>\n<p>El mencionado funcionario se\u00f1al\u00f3 que \u201ccomo cada a\u00f1o invitamos a toda la familia a ser parte de esta postal festiva y acompa\u00f1arnos a ser parte de la cuenta regresiva del encendido de las luces del arbolito de nuestra ciudad\u201d, resaltando que a partir de ese mismo 8 de diciembre los ni\u00f1os podr\u00e1n llevar las cartas a Pap\u00e1 Noel.<\/p>\n","protected":false},"excerpt":{"rendered":"<p>A tono con el esp\u00edritu navide\u00f1o de cada a\u00f1o, Cultura organiza una jornada festiva para toda la familia con el acompa\u00f1amiento de diferentes expresiones art\u00edsticas. La Direcci\u00f3n de Cultura inform\u00f2 que el viernes 8 de diciembre a partir de las 20, en la Plaza Dardo Rocha, se realizar\u00e1 la inauguraci\u00f3n del encendido de luces del [&hellip;]<\/p>\n","protected":false},"author":3,"featured_media":104949,"comment_status":"open","ping_status":"open","sticky":false,"template":"","format":"standard","meta":{"footnotes":""},"categories":[3],"tags":[],"class_list":["post-104948","post","type-post","status-publish","format-standard","has-post-thumbnail","category-masnoticias"],"_links":{"self":[{"href":"https:\/\/primicias2262.com\/noticias\/wp-json\/wp\/v2\/posts\/104948","targetHints":{"allow":["GET"]}}],"collection":[{"href":"https:\/\/primicias2262.com\/noticias\/wp-json\/wp\/v2\/posts"}],"about":[{"href":"https:\/\/primicias2262.com\/noticias\/wp-json\/wp\/v2\/types\/post"}],"author":[{"embeddable":true,"href":"https:\/\/primicias2262.com\/noticias\/wp-json\/wp\/v2\/users\/3"}],"replies":[{"embeddable":true,"href":"https:\/\/primicias2262.com\/noticias\/wp-json\/wp\/v2\/comments?post=104948"}],"version-history":[{"count":1,"href":"https:\/\/primicias2262.com\/noticias\/wp-json\/wp\/v2\/posts\/104948\/revisions"}],"predecessor-version":[{"id":104950,"href":"https:\/\/primicias2262.com\/noticias\/wp-json\/wp\/v2\/posts\/104948\/revisions\/104950"}],"wp:featuredmedia":[{"embeddable":true,"href":"https:\/\/primicias2262.com\/noticias\/wp-json\/wp\/v2\/media\/104949"}],"wp:attachment":[{"href":"https:\/\/primicias2262.com\/noticias\/wp-json\/wp\/v2\/media?parent=104948"}],"wp:term":[{"taxonomy":"category","embeddable":true,"href":"https:\/\/primicias2262.com\/noticias\/wp-json\/wp\/v2\/categories?post=104948"},{"taxonomy":"post_tag","embeddable":true,"href":"https:\/\/primicias2262.com\/noticias\/wp-json\/wp\/v2\/tags?post=104948"}],"curies":[{"name":"wp","href":"https:\/\/api.w.org\/{rel}","templated":true}]}}