{"id":104960,"date":"2023-12-05T14:24:10","date_gmt":"2023-12-05T14:24:10","guid":{"rendered":"https:\/\/primicias2262.com\/noticias\/?p=104960"},"modified":"2023-12-06T18:07:42","modified_gmt":"2023-12-06T18:07:42","slug":"el-circulo-informa-las-ultimas-menciones-y-otras-siete-ternas","status":"publish","type":"post","link":"https:\/\/primicias2262.com\/noticias\/el-circulo-informa-las-ultimas-menciones-y-otras-siete-ternas\/","title":{"rendered":"El C\u00edrculo informa las \u00faltimas menciones y otras siete ternas"},"content":{"rendered":"<p><strong>Se sumaron tres premios de cara a la ceremonia de Menciones y Reconocimientos de este jueves 7 en Toledo y ya son 18 las ternas que se conocen para el jueves 14 en Del Valle.<\/strong><\/p>\n<p>El C\u00edrculo de Periodistas Deportivos avanza en detalles para la 24ta Gran Fiesta del Deporte y hoy informa sobre las \u00faltimas tres menciones que se suman a la velada de este jueves 7 en el Teatro Toledo, como as\u00ed da a conocer siete ternas m\u00e1s para la entrega de los premios \u201cPuente Colgante\u201d en Del Valle el 14 de diciembre.<\/p>\n<p><strong>Menci\u00f3n Especial: <\/strong><\/p>\n<ul>\n<li>El Principio f\u00fatbol femenino LIFA<\/li>\n<\/ul>\n<p><strong>Reconocimientos<\/strong><\/p>\n<ul>\n<li>Emiliano Basabe, b\u00e1squet<\/li>\n<li>Ezequiel Cerica, f\u00fatbol<\/li>\n<\/ul>\n<p>De esta manera se suman al listado de Menciones y Reconocimientos dado a conocer con anterioridad, que es el siguiente:<\/p>\n<p><strong>Menciones<\/strong><\/p>\n<ul>\n<li>MTB de la Costa Necochea Quequ\u00e9n<\/li>\n<li>Metasado \u2013 b\u00e1squetbol<\/li>\n<li>Magal\u00ed Fazzi \u2013 rugby<\/li>\n<li>Asociaci\u00f3n Civil \u201cTodos al Agua\u201d<\/li>\n<li>Oscar Cazabat, referente de atletismo<\/li>\n<li>Enrique M\u00e1ximo Gallinotti, referente de automovilismo<\/li>\n<li>Selecci\u00f3n Femenina de F\u00fatbol de la Municipalidad<\/li>\n<li>Subcomisi\u00f3n v\u00f3ley de Hurac\u00e1n \u2013 10\u00ba Open Neco<\/li>\n<li>Laferrere campe\u00f3n de LIFA (Liga Independiente F\u00fatbol Amateur)<\/li>\n<li>Mataderos campe\u00f3n de la Liga local de F\u00fatbol Senior<\/li>\n<li>Evelyn Gontier \u2013 surf<\/li>\n<li>Departamento de Prensa del Club Mataderos<\/li>\n<li>Candela Bonaura, salvamento deportivo<\/li>\n<li>Zoe Schutten, gimnasta Acro<\/li>\n<li>Mart\u00edn Tr\u00edpano, juez internacional de canotaje<\/li>\n<li>H\u00e9ctor \u201cNito\u201d Escobar, triatleta<\/li>\n<li>Oros en Juegos Bonaerenses: Anabella Hern\u00e1ndez, Juan Ignacio C\u00e1rdenas, Danilo Maletti, Agust\u00edn Sosa, Denise Ludue\u00f1a y Gaspar C\u00f3rdoba<\/li>\n<li>Mario Oscar Mendiburu, atleta m\u00e1ster<\/li>\n<li>Germ\u00e1n Casta\u00f1os, experiencia en Premier League<\/li>\n<li>Daniela Gil, tiro con arco<\/li>\n<li>Celina Escand\u00f3n, equitaci\u00f3n<\/li>\n<li>Maximiliano Saravia, Team Saravia<\/li>\n<li>Horacio Tellechea, campa\u00f1a deportiva\/solidaria<\/li>\n<li>Bel\u00e9n Reynoso, f\u00fatbol fair play<\/li>\n<li>Perla Rojas, surf<\/li>\n<li>Valientes Necochea Golf Club<\/li>\n<li>Esteban Rosales, entrenador de boxeo<\/li>\n<li>El Colgante LIFA, obras en cancha<\/li>\n<\/ul>\n<p><strong>Reconocimientos<\/strong><\/p>\n<ul>\n<li>Marcos Richards, v\u00f3ley<\/li>\n<li>Ciro Garc\u00eda Go\u00f1i, v\u00f3ley<\/li>\n<li>Axel Jacobsen, v\u00f3ley<\/li>\n<li>Luz Cassini, canotaje<\/li>\n<li>Nerea Castiglione, canotaje<\/li>\n<li>Juana Casais Knudsen, hockey<\/li>\n<li>Agustina Arista, hockey<\/li>\n<li>Sergio Ramos, ciclismo<\/li>\n<li>Claudia Marina Serrano, taekwondo<\/li>\n<li>Tob\u00edas Piperata, tiro con arco<\/li>\n<\/ul>\n<p>Vale remarcar que <strong>Menciones <\/strong>engloba a deportistas actuales y del pasado, equipos que se destacaron durante el a\u00f1o en determinada disciplina, figuras y actores del deporte actual e instituciones; o bien a glorias individuales y colectivas del deporte necochense; mientras que <strong>Reconocimientos<\/strong> premia lo hecho por deportistas en actividad que son necochenses pero que compiten fuera de la ciudad o representan a una entidad que no es local.<\/p>\n<p><strong>A su vez se dan a conocer las siguientes siete ternas<\/strong><\/p>\n<ul>\n<li>AUTOMOVILISMO NACIONAL: Mat\u00edas Capurro, Mart\u00edn Chico y Juan Bautista De Benedictis<\/li>\n<li>CESTOBOL: Mar\u00eda Paz Fern\u00e1ndez Gandini, Nerina Fulton y Agostina Pella<\/li>\n<li>F\u00daTBOL MASCULINO: Eduardo Ber\u00f3n, El\u00edas Dana y Emiliano Giudicatte<\/li>\n<li>GOLF: Maril\u00e9n Fern\u00e1ndez Ruiz, Gonzalo Gim\u00e9nez Quiroga y Pedro Pailhe<\/li>\n<li>PELOTA: Joseba Bilbao, Juan Stafforte-Mart\u00edn Dindart y Ra\u00fal Yunes-Miguel Merlo<\/li>\n<li>RUGBY: Al\u00ed Dana, Pamela Esteban y Mateo Herrera<\/li>\n<li>V\u00d3LEY: Maia Montiel, Francisco Rem\u00f3n y Nicol\u00e1s Richards Meana<\/li>\n<\/ul>\n<p><a href=\"https:\/\/primicias2262.com\/noticias\/wp-content\/uploads\/2023\/12\/Puente-de-Oro-ARCHIVO.jpg\"><img loading=\"lazy\" decoding=\"async\" class=\"size-full wp-image-104962\" src=\"https:\/\/primicias2262.com\/noticias\/wp-content\/uploads\/2023\/12\/Puente-de-Oro-ARCHIVO.jpg\" alt=\"\" width=\"750\" height=\"500\" srcset=\"https:\/\/primicias2262.com\/noticias\/wp-content\/uploads\/2023\/12\/Puente-de-Oro-ARCHIVO.jpg 750w, https:\/\/primicias2262.com\/noticias\/wp-content\/uploads\/2023\/12\/Puente-de-Oro-ARCHIVO-300x200.jpg 300w, https:\/\/primicias2262.com\/noticias\/wp-content\/uploads\/2023\/12\/Puente-de-Oro-ARCHIVO-150x100.jpg 150w, https:\/\/primicias2262.com\/noticias\/wp-content\/uploads\/2023\/12\/Puente-de-Oro-ARCHIVO-696x464.jpg 696w\" sizes=\"auto, (max-width: 750px) 100vw, 750px\" \/><\/a><\/p>\n<p><strong>Se suman a las 11 dadas a conocer con anterioridad, que son:<\/strong><\/p>\n<ul>\n<li>AJEDREZ: Agust\u00edn Galante, Valent\u00edn Mart\u00ednez y Lautaro Micucci<\/li>\n<li>ARTES MARCIALES: Carlos Correa, Emiliano Dupor y Victoria Pardo<\/li>\n<li>ATLETISMO: Santino Marchetti, Facundo Muguiro y Federico Santib\u00e1\u00f1ez<\/li>\n<li>B\u00c1SQUET FEMENINO: Lara Guglielmi, Sof\u00eda Medinaveit\u00eda y Luc\u00eda Wasowski<\/li>\n<li>BILLAR: Axel Acosta, Edgardo Guanini y Edgardo Mu\u00f1oz<\/li>\n<li>BOXEO: Jos\u00e9 Arias Olivo, Ara\u00ed Leoz y Marcelo Germ\u00e1n Rodr\u00edguez<\/li>\n<li>F\u00daTBOL FEMENINO: Nadia Jara, Roc\u00edo Malassisi y Daiana Perpetto<\/li>\n<li>H\u00c1NDBOL: Felipe Blanco, Sof\u00eda Gonz\u00e1lez y Demian Go\u00f1i<\/li>\n<li>HOCKEY: Luc\u00eda Jossi, Sof\u00eda Olmedo y Magdalena Raggio<\/li>\n<li>P\u00c1DEL: Felicitas Darboure, Francisco Maier y Alicia Resola-Laura Jurado (dupla)<\/li>\n<li>TIRO: Ariel Fiadino, Leandro Soler y Alejandro Urban<\/li>\n<\/ul>\n","protected":false},"excerpt":{"rendered":"<p>Se sumaron tres premios de cara a la ceremonia de Menciones y Reconocimientos de este jueves 7 en Toledo y ya son 18 las ternas que se conocen para el jueves 14 en Del Valle. El C\u00edrculo de Periodistas Deportivos avanza en detalles para la 24ta Gran Fiesta del Deporte y hoy informa sobre las [&hellip;]<\/p>\n","protected":false},"author":3,"featured_media":104961,"comment_status":"open","ping_status":"open","sticky":false,"template":"","format":"standard","meta":{"footnotes":""},"categories":[3],"tags":[],"class_list":["post-104960","post","type-post","status-publish","format-standard","has-post-thumbnail","category-masnoticias"],"_links":{"self":[{"href":"https:\/\/primicias2262.com\/noticias\/wp-json\/wp\/v2\/posts\/104960","targetHints":{"allow":["GET"]}}],"collection":[{"href":"https:\/\/primicias2262.com\/noticias\/wp-json\/wp\/v2\/posts"}],"about":[{"href":"https:\/\/primicias2262.com\/noticias\/wp-json\/wp\/v2\/types\/post"}],"author":[{"embeddable":true,"href":"https:\/\/primicias2262.com\/noticias\/wp-json\/wp\/v2\/users\/3"}],"replies":[{"embeddable":true,"href":"https:\/\/primicias2262.com\/noticias\/wp-json\/wp\/v2\/comments?post=104960"}],"version-history":[{"count":2,"href":"https:\/\/primicias2262.com\/noticias\/wp-json\/wp\/v2\/posts\/104960\/revisions"}],"predecessor-version":[{"id":104969,"href":"https:\/\/primicias2262.com\/noticias\/wp-json\/wp\/v2\/posts\/104960\/revisions\/104969"}],"wp:featuredmedia":[{"embeddable":true,"href":"https:\/\/primicias2262.com\/noticias\/wp-json\/wp\/v2\/media\/104961"}],"wp:attachment":[{"href":"https:\/\/primicias2262.com\/noticias\/wp-json\/wp\/v2\/media?parent=104960"}],"wp:term":[{"taxonomy":"category","embeddable":true,"href":"https:\/\/primicias2262.com\/noticias\/wp-json\/wp\/v2\/categories?post=104960"},{"taxonomy":"post_tag","embeddable":true,"href":"https:\/\/primicias2262.com\/noticias\/wp-json\/wp\/v2\/tags?post=104960"}],"curies":[{"name":"wp","href":"https:\/\/api.w.org\/{rel}","templated":true}]}}