{"id":104970,"date":"2023-12-06T14:06:33","date_gmt":"2023-12-06T14:06:33","guid":{"rendered":"https:\/\/primicias2262.com\/noticias\/?p=104970"},"modified":"2023-12-07T18:02:19","modified_gmt":"2023-12-07T18:02:19","slug":"no-podemos-permitir-que-las-fuerzas-de-seguridad-realicen-abuso-de-poder","status":"publish","type":"post","link":"https:\/\/primicias2262.com\/noticias\/no-podemos-permitir-que-las-fuerzas-de-seguridad-realicen-abuso-de-poder\/","title":{"rendered":"\u201cNo podemos permitir que las fuerzas de seguridad realicen abuso de poder\u201d"},"content":{"rendered":"<p><strong>As\u00ed lo afirm\u00f3 el referente del Movimiento Evita, Luciano Lescano, en el marco de las movilizaciones que se llevan a cabo en torno a la sentencia a los efectivos policiales por la tortura seguida de muerte de Noa Su\u00e1rez en 2014. El exconcejal dijo entender el reclamo de los familiares de los efectivos acusados de cadena perpetua pero que tiene que cumplirse lo que dictamino la Justicia.<\/strong><\/p>\n<p>\u201cEntendemos a los familiares de los polic\u00edas porque somos emp\u00e1ticos de las familias pero ac\u00e1 se cometi\u00f3 un delito y no podemos permitir que las fuerzas de seguridad realicen abuso de poder, m\u00e1s en un clima donde hay sectores de la polic\u00eda que pretenden seguir con los abusos como en otras \u00e9pocas oscuras de la democracia y nosotros decimos que no\u201d, afirm\u00f3 Lescano v\u00eda telef\u00f3nica en \u201cVoces de la Ciudad\u201d.<\/p>\n<p>Ante la consulta del periodista Jorge G\u00f3mez sobre un comunicado de prensa que firman en adhesi\u00f3n muchas personas, organizaciones sociales e instituciones, Lescano se\u00f1al\u00f3 que \u201cen principio queremos alertar sobre plantear que hay penas injustas o pedir un juicio justo cuando en verdad se han respetado garant\u00edas legales respecto de la polic\u00eda por la tortura seguida de muerte de Noa Su\u00e1rez, un joven que en 2014 al ingresar a la Comisar\u00eda Segunda de Quequ\u00e9n fue torturado en el calabozo\u201d.<\/p>\n<p>Se\u00f1al\u00f3 que \u201cse hizo este juicio con todas las garant\u00edas para la polic\u00eda pero el lunes 11 de diciembre se har\u00eda un juicio por cesura en el cual se efectivizar\u00edan las condenas, y a nosotros nos llama la atenci\u00f3n que se haga esto, por lo que estamos convocando a todas las organizaciones sociales y pol\u00edticas de Derechos Humanos y a la ciudadan\u00eda en general a una manifestaci\u00f3n para acompa\u00f1ar en el Juzgado, a partir de las 8.30 del lunes\u201d.<\/p>\n<p>Luciano argument\u00f3 que \u201clo que nos alerta son estas movilizaciones policiales, que entendemos que es sano que existan de parte de los familiares, pero no as\u00ed de los efectivos en cumplimiento del servicio porque est\u00e1 prohibido eso, ya que portan armas y tienen que garantizar nuestra seguridad\u201d.<\/p>\n<p>Incluso, manifest\u00f3 que \u201ctambi\u00e9n nos llama la atenci\u00f3n que en las movilizaciones que se han hecho en favor de la familia de Noa ha habido efectivos policiales jubilados sac\u00e1ndonos fotos e intimidando, se ha llegado a amenazar al fiscal Sirimarco que renunci\u00f3 a la causa y esperemos que esto se pueda revertir, hay que respetar a la Justicia y la Justicia tambi\u00e9n tiene instancias de apelaci\u00f3n, hay que seguir las v\u00edas legales, garantizar la vida democr\u00e1tica y erradicar la violencia policial y represiva que existe en las fuerzas policiales\u201d.<\/p>\n<p>por lo tanto, ratific\u00f3 que \u201ca las 8.30 estaremos en el Juzgado el lunes acompa\u00f1ando colectivamente a los familiares de Noa, creemos importante que de una vez por todas haya justicia, ya que estos polic\u00edas han gozado de estar en libertad hasta que dictaron sentencia, cosa que el 50% de las personas privadas de la libertad no tienen ese privilegio\u201d.<\/p>\n<p>Para contextualizar el caso de Noa, Lescano repas\u00f3 que \u201cal principio se hablaba de una car\u00e1tula por ahorcamiento que era la teor\u00eda policial de que se hab\u00eda ahorcado con los cordones de las zapatillas, y despu\u00e9s de muchos a\u00f1os de lucha de los familiares, su mam\u00e1 muri\u00f3 y su t\u00edo que era la figura paterna tambi\u00e9n falleci\u00f3, por lo que a la familia la acompa\u00f1\u00f3 un colectivo de organizaciones sociales, principalmente el Frente Popular Dar\u00edo Santill\u00e1n, ya que no ten\u00edan los recursos para encarar un juicio y se pudo lograr que a principios de este a\u00f1o la gremial de abogados se haga cargo de la querella de la familia y hoy se logre esta condena\u201d.<\/p>\n<p>Incluso, \u201cse revirti\u00f3 la car\u00e1tula inicial por el ahorcamiento y pas\u00f3 a ser una tortura seguida de muerte, lo que sostiene tambi\u00e9n la Fiscal\u00eda, lo \u00fanico que cambia que plantea la Fiscal\u00eda es que fue una tortura seguida de muerte pero que Noa se ahorc\u00f3 luego de las torturas, lo cual nosotros no compartimos, pero se lleg\u00f3 a la condena de tres implicados a cadena perpetua, y a otra efectivo policial por encubrimiento a tres a\u00f1os\u201d.<\/p>\n<p>\u201cSe ha logrado el fallo de la Justicia, se han respetado todas las garant\u00edas y queremos apoyar a los jueces que dictaron la sentencia, y principalmente al fiscal\u201d, culmin\u00f3 Lescano.<\/p>\n<p><strong>Comunicado de prensa.<\/strong><br \/>\n<strong>ALERTA NECOCHEA &#8211; QUEQU\u00c9N<\/strong><\/p>\n<p>Manifestamos nuestro rechazo y gran preocupaci\u00f3n por el rebrote autoritario que se ve en distintas ciudades del pa\u00eds. Vemos c\u00f3mo fuerzas de seguridad y grupos civiles alentados por algunos dirigentes pol\u00edticos amedrentan y atacan instituciones que dicen defender.<br \/>\nLas amenazas a jueces, fiscales, abogadxs y colectivos comunitarios que defienden causas populares va en aumento.<br \/>\nEsto lo vimos en nuestra ciudad, Necochea, en el marco del juicio llevado adelante contra cuatro polic\u00edas bonaerenses imputados por tortura seguida de muerte, lo que acab\u00f3 con la vida de Noa Suarez, y luego de la sentencia un\u00e1nime del tribunal que sentenci\u00f3 prisi\u00f3n perpetua para tres de ellos y tres a\u00f1os de prisi\u00f3n a una polic\u00eda por incumplimiento de sus deberes.<br \/>\nEn este contexto se realizan movilizaciones promovidas por polic\u00edas en actual ejercicio de la seguridad p\u00fablica, retirados de la fuerza y familiares de los imputados, en desacuerdo con el fallo condenatorio contra polic\u00edas actuantes en el asesinato a Noa Su\u00e1rez en la comisar\u00eda de Quequ\u00e9n.<br \/>\nEsta semana se conocieron las amenazas hacia el Fiscal Horacio Sirimarco y su familia. Ello impuls\u00f3 el pedido del fiscal de \u201cexcusarse\u201d en seguir en la causa por temer por su integridad y la de sus familiares. La denuncia hecha por el fiscal hacia uno de los familiares de los polic\u00edas condenados por la justicia de Necochea es un llamado de atenci\u00f3n y alerta a toda la comunidad democr\u00e1tica e institucional.<br \/>\nReafirmamos los valores de Memoria, Verdad y Justicia sostenidos por las Madres, las Abuelas y los organismos de derechos humanos. Reafirmamos los valores democr\u00e1ticos, republicanos y el respeto hacia la divisi\u00f3n de poderes gubernamentales.<br \/>\nLas fuerzas de seguridad deben entender que son auxiliares de la justicia, servidores p\u00fablicos. No son ejecutores ni mucho menos pueden apuntar contra el poder judicial. La disconformidad con una sentencia no puede ser instrumento extorsivo, amenazante o intimidatorio de la comunidad y las instituciones democr\u00e1ticas.<br \/>\nNos solidarizamos con el Fiscal Horacio Sirimarco, con los familiares de Noa que vienen padeciendo un largo proceso de angustia y organizaci\u00f3n. Hacemos extensiva nuestra solidaridad con el Colectivo Justicia Por Noa Suarez, la Gremial de Abogados de Argentina representa la querella, las organizaciones sociales y organismos de derechos humanos.<br \/>\nTambi\u00e9n manifestamos nuestro acompa\u00f1amiento y solidaridad a los representantes de la justicia que luego de un largo juicio con todas las garant\u00edas constitucionales y convencionales, determinaron la sentencia.<\/p>\n<p>Ante las expresiones autoritarias, extorsivas y fuera de la ley, les responderemos con M\u00c1S MEMORIA, MAS VERDAD, M\u00c1S JUSTICIA, M\u00c1S DEMOCRACIA.<\/p>\n<p>Colegio de Trabajadorxs Sociales Distrito Necochea<br \/>\nAJB Asociaci\u00f3n Judicial Bonaerense<br \/>\nRojas Ind\u00f3mitas: Trabajadorxs Sociales Transfeminista.<br \/>\nMelania R\u00f3mulo..Trabajadora Social.. Juzgado de Familia N 1<br \/>\nGerardo Pe\u00f1a. Jubilado Judicial.<br \/>\nEvangelina Almada, Concejal electa Frente de Todos. Necochea<br \/>\nCintia Martinez. Trabajadora de la comunicaci\u00f3n.<br \/>\nLucila Merzario, trabajadora de prensa en NdeN Noticias de Necochea.<br \/>\nAnibal del Prado \u2013jubilado<br \/>\nArq. Graciela Antol\u00edn, Asamblea Ambiental Necochea-Quequ\u00e9n<br \/>\nFlorencia Daniela Olgini. Estudiante<br \/>\nRicardo \u00abPolaco\u00bb de udaeta. integrante de tramas. ar<br \/>\nMaria Florencia Blanco. Maestra de Educaci\u00f3n Especial.<br \/>\nErica Piccione. Psicologa. Colaboradora de Tramas. ar<br \/>\nIdentidad Necochea<br \/>\nKevin Lay. Empleado.<br \/>\nCooperativa de trabajo Comunicar<br \/>\nFM Cooperativa<br \/>\nSocorro Rosa Necochea Quequ\u00e9n<br \/>\nColectivo Metamorfosis Urbana<br \/>\nComisi\u00f3n por la Memoria Militante Necochea Quequen<br \/>\nCTA Autonoma, FENAT.<br \/>\nColectiva Nuestros Derechos Como Trinchera.<br \/>\nMLN. Necochea.<br \/>\nCTA de los trabajadores<br \/>\nATE Necochea<br \/>\nSUTEBA Necochea<br \/>\nC.I.C.O.P. Necochea<br \/>\nHIJOS Necochea<br \/>\nLibres del Sur<br \/>\nPTS<\/p>\n","protected":false},"excerpt":{"rendered":"<p>As\u00ed lo afirm\u00f3 el referente del Movimiento Evita, Luciano Lescano, en el marco de las movilizaciones que se llevan a cabo en torno a la sentencia a los efectivos policiales por la tortura seguida de muerte de Noa Su\u00e1rez en 2014. El exconcejal dijo entender el reclamo de los familiares de los efectivos acusados de [&hellip;]<\/p>\n","protected":false},"author":3,"featured_media":102340,"comment_status":"open","ping_status":"open","sticky":false,"template":"","format":"standard","meta":{"footnotes":""},"categories":[3],"tags":[],"class_list":["post-104970","post","type-post","status-publish","format-standard","has-post-thumbnail","category-masnoticias"],"_links":{"self":[{"href":"https:\/\/primicias2262.com\/noticias\/wp-json\/wp\/v2\/posts\/104970","targetHints":{"allow":["GET"]}}],"collection":[{"href":"https:\/\/primicias2262.com\/noticias\/wp-json\/wp\/v2\/posts"}],"about":[{"href":"https:\/\/primicias2262.com\/noticias\/wp-json\/wp\/v2\/types\/post"}],"author":[{"embeddable":true,"href":"https:\/\/primicias2262.com\/noticias\/wp-json\/wp\/v2\/users\/3"}],"replies":[{"embeddable":true,"href":"https:\/\/primicias2262.com\/noticias\/wp-json\/wp\/v2\/comments?post=104970"}],"version-history":[{"count":1,"href":"https:\/\/primicias2262.com\/noticias\/wp-json\/wp\/v2\/posts\/104970\/revisions"}],"predecessor-version":[{"id":104972,"href":"https:\/\/primicias2262.com\/noticias\/wp-json\/wp\/v2\/posts\/104970\/revisions\/104972"}],"wp:featuredmedia":[{"embeddable":true,"href":"https:\/\/primicias2262.com\/noticias\/wp-json\/wp\/v2\/media\/102340"}],"wp:attachment":[{"href":"https:\/\/primicias2262.com\/noticias\/wp-json\/wp\/v2\/media?parent=104970"}],"wp:term":[{"taxonomy":"category","embeddable":true,"href":"https:\/\/primicias2262.com\/noticias\/wp-json\/wp\/v2\/categories?post=104970"},{"taxonomy":"post_tag","embeddable":true,"href":"https:\/\/primicias2262.com\/noticias\/wp-json\/wp\/v2\/tags?post=104970"}],"curies":[{"name":"wp","href":"https:\/\/api.w.org\/{rel}","templated":true}]}}