{"id":104973,"date":"2023-12-06T10:07:08","date_gmt":"2023-12-06T10:07:08","guid":{"rendered":"https:\/\/primicias2262.com\/noticias\/?p=104973"},"modified":"2023-12-06T14:08:21","modified_gmt":"2023-12-06T14:08:21","slug":"el-intendente-rojas-recibio-el-diploma-de-su-nuevo-mandato","status":"publish","type":"post","link":"https:\/\/primicias2262.com\/noticias\/el-intendente-rojas-recibio-el-diploma-de-su-nuevo-mandato\/","title":{"rendered":"El intendente Rojas recibi\u00f3 el diploma de su nuevo mandato"},"content":{"rendered":"<p><strong>Por Jorge G\u00f3mez<\/strong><\/p>\n<p>Arturo Rojas recibi\u00f3 esta siesta el diploma como intendente municipal de Necochea, reelecto como jefe comunal en la elecci\u00f3n general del pasado 22 de octubre, mandato que se inicia este diciembre y que se extender\u00e1 hasta diciembre de 2027.<\/p>\n<p>Ceremonia realizada en la Legislatura bonaerense, en la ciudad de La Plata.<\/p>\n<p>Los restantes intendentes electos en el comicio de octubre \u00faltimo tambi\u00e9n retiraron el respectivo diploma.<\/p>\n","protected":false},"excerpt":{"rendered":"<p>Por Jorge G\u00f3mez Arturo Rojas recibi\u00f3 esta siesta el diploma como intendente municipal de Necochea, reelecto como jefe comunal en la elecci\u00f3n general del pasado 22 de octubre, mandato que se inicia este diciembre y que se extender\u00e1 hasta diciembre de 2027. Ceremonia realizada en la Legislatura bonaerense, en la ciudad de La Plata. Los [&hellip;]<\/p>\n","protected":false},"author":3,"featured_media":104974,"comment_status":"open","ping_status":"open","sticky":false,"template":"","format":"standard","meta":{"footnotes":""},"categories":[5],"tags":[],"class_list":{"0":"post-104973","1":"post","2":"type-post","3":"status-publish","4":"format-standard","5":"has-post-thumbnail","7":"category-neco"},"_links":{"self":[{"href":"https:\/\/primicias2262.com\/noticias\/wp-json\/wp\/v2\/posts\/104973","targetHints":{"allow":["GET"]}}],"collection":[{"href":"https:\/\/primicias2262.com\/noticias\/wp-json\/wp\/v2\/posts"}],"about":[{"href":"https:\/\/primicias2262.com\/noticias\/wp-json\/wp\/v2\/types\/post"}],"author":[{"embeddable":true,"href":"https:\/\/primicias2262.com\/noticias\/wp-json\/wp\/v2\/users\/3"}],"replies":[{"embeddable":true,"href":"https:\/\/primicias2262.com\/noticias\/wp-json\/wp\/v2\/comments?post=104973"}],"version-history":[{"count":1,"href":"https:\/\/primicias2262.com\/noticias\/wp-json\/wp\/v2\/posts\/104973\/revisions"}],"predecessor-version":[{"id":104975,"href":"https:\/\/primicias2262.com\/noticias\/wp-json\/wp\/v2\/posts\/104973\/revisions\/104975"}],"wp:featuredmedia":[{"embeddable":true,"href":"https:\/\/primicias2262.com\/noticias\/wp-json\/wp\/v2\/media\/104974"}],"wp:attachment":[{"href":"https:\/\/primicias2262.com\/noticias\/wp-json\/wp\/v2\/media?parent=104973"}],"wp:term":[{"taxonomy":"category","embeddable":true,"href":"https:\/\/primicias2262.com\/noticias\/wp-json\/wp\/v2\/categories?post=104973"},{"taxonomy":"post_tag","embeddable":true,"href":"https:\/\/primicias2262.com\/noticias\/wp-json\/wp\/v2\/tags?post=104973"}],"curies":[{"name":"wp","href":"https:\/\/api.w.org\/{rel}","templated":true}]}}