{"id":104979,"date":"2023-12-06T18:15:09","date_gmt":"2023-12-06T18:15:09","guid":{"rendered":"https:\/\/primicias2262.com\/noticias\/?p=104979"},"modified":"2023-12-07T17:09:40","modified_gmt":"2023-12-07T17:09:40","slug":"la-fecha-formal-de-finalizacion-del-ciclo-lectivo-de-todos-los-niveles-es-el-26-de-diciembre","status":"publish","type":"post","link":"https:\/\/primicias2262.com\/noticias\/la-fecha-formal-de-finalizacion-del-ciclo-lectivo-de-todos-los-niveles-es-el-26-de-diciembre\/","title":{"rendered":"\u201cLa fecha formal de finalizaci\u00f3n del ciclo lectivo de todos los niveles es el 26 de diciembre\u201d"},"content":{"rendered":"<p><strong>As\u00ed lo resalt\u00f3 la Inspectora Distrital de Educaci\u00f3n, Elsa Guillermo, quien en \u201cVoces de la Ciudad\u201d asegur\u00f3 que \u201cpara nosotros es muy importante garantizar los 190 d\u00edas de clase\u201d.<\/strong><\/p>\n<p>Consultada v\u00eda telef\u00f3nica por el periodista Jorge G\u00f3mez, la autoridad educativa se\u00f1al\u00f3 que el cierre de ciclo lectivo para inicial, primario, secundario y terciario ser\u00e1 el mismo d\u00eda. \u201cLa fecha formal de finalizaci\u00f3n del ciclo lectivo de todos los niveles es el martes 26 de diciembre, d\u00eda en que se entregan los registros institucionales de trayectorias educativas, lo que conocemos como RITE, que es el desempe\u00f1o del estudiante\u201d, anticip\u00f3.<\/p>\n<p>En ese marco, aclar\u00f3 que \u201cel ciclo si bien culmina el 26, hasta el viernes 29 se desarrollan las comisiones evaluadoras para aquellos estudiantes que les qued\u00f3 alg\u00fan espacio curricular o \u00e1rea pendiente de acreditaci\u00f3n, y si no ese proceso se retoma en febrero y marzo\u201d.<\/p>\n<p>Por ende, \u201cpara nosotros es muy importante garantizar los 190 d\u00edas de clase\u201d, afirm\u00f3 la loberense, argumentando que \u201ces fundamental que los estudiantes tengan todas las posibilidades de compensar saberes e intensificar aprendizajes, y hay un tiempo tambi\u00e9n para eso\u201d.<\/p>\n<p>No soslay\u00f3 que \u201ces real que a fin de a\u00f1o todos se sienten agotados, pero como sistema educativo somos garantes de un proceso de ense\u00f1anza aprendizaje que est\u00e1 regulado por un marco normativo y no son decisiones que se toman de manera arbitraria, sino que responden al sistema educativo provincial y eso es importante saberlo\u201d.<\/p>\n<p>Como tambi\u00e9n \u201ces importante saber que a partir del lunes 18 de diciembre inicia el proceso de inscripci\u00f3n a los 1\u00ba A\u00f1os de cada nivel, y el 26 el proceso de pase de 2\u00ba a 6\u00ba en lo que son los niveles primario y secundario\u201d, agreg\u00f3.<\/p>\n<p>Finalmente, Elsa Guillermo repas\u00f3 que el viernes 1\u00ba de marzo est\u00e1 establecido el inicio del Ciclo Lectivo 2024 pero las docentes y directivos empiezan a trabajar mucho antes. \u201cEl personal docente tenemos 30 o 40 d\u00edas de vacaciones, seg\u00fan si tenemos 20 a\u00f1os de antig\u00fcedad o m\u00e1s, entonces cuando finaliza enero se cumplen las vacaciones para aquellos que tienen menos de 20 a\u00f1os de antig\u00fcedad y ya est\u00e1n disponibles. Cuando se cumplan los 40 d\u00edas se inician las tareas docentes y se empiezan a intensificar saberes con los alumnos\u201d.<\/p>\n","protected":false},"excerpt":{"rendered":"<p>As\u00ed lo resalt\u00f3 la Inspectora Distrital de Educaci\u00f3n, Elsa Guillermo, quien en \u201cVoces de la Ciudad\u201d asegur\u00f3 que \u201cpara nosotros es muy importante garantizar los 190 d\u00edas de clase\u201d. Consultada v\u00eda telef\u00f3nica por el periodista Jorge G\u00f3mez, la autoridad educativa se\u00f1al\u00f3 que el cierre de ciclo lectivo para inicial, primario, secundario y terciario ser\u00e1 el [&hellip;]<\/p>\n","protected":false},"author":3,"featured_media":103507,"comment_status":"open","ping_status":"open","sticky":false,"template":"","format":"standard","meta":{"footnotes":""},"categories":[3],"tags":[],"class_list":["post-104979","post","type-post","status-publish","format-standard","has-post-thumbnail","category-masnoticias"],"_links":{"self":[{"href":"https:\/\/primicias2262.com\/noticias\/wp-json\/wp\/v2\/posts\/104979","targetHints":{"allow":["GET"]}}],"collection":[{"href":"https:\/\/primicias2262.com\/noticias\/wp-json\/wp\/v2\/posts"}],"about":[{"href":"https:\/\/primicias2262.com\/noticias\/wp-json\/wp\/v2\/types\/post"}],"author":[{"embeddable":true,"href":"https:\/\/primicias2262.com\/noticias\/wp-json\/wp\/v2\/users\/3"}],"replies":[{"embeddable":true,"href":"https:\/\/primicias2262.com\/noticias\/wp-json\/wp\/v2\/comments?post=104979"}],"version-history":[{"count":2,"href":"https:\/\/primicias2262.com\/noticias\/wp-json\/wp\/v2\/posts\/104979\/revisions"}],"predecessor-version":[{"id":104985,"href":"https:\/\/primicias2262.com\/noticias\/wp-json\/wp\/v2\/posts\/104979\/revisions\/104985"}],"wp:featuredmedia":[{"embeddable":true,"href":"https:\/\/primicias2262.com\/noticias\/wp-json\/wp\/v2\/media\/103507"}],"wp:attachment":[{"href":"https:\/\/primicias2262.com\/noticias\/wp-json\/wp\/v2\/media?parent=104979"}],"wp:term":[{"taxonomy":"category","embeddable":true,"href":"https:\/\/primicias2262.com\/noticias\/wp-json\/wp\/v2\/categories?post=104979"},{"taxonomy":"post_tag","embeddable":true,"href":"https:\/\/primicias2262.com\/noticias\/wp-json\/wp\/v2\/tags?post=104979"}],"curies":[{"name":"wp","href":"https:\/\/api.w.org\/{rel}","templated":true}]}}