{"id":104982,"date":"2023-12-07T17:09:24","date_gmt":"2023-12-07T17:09:24","guid":{"rendered":"https:\/\/primicias2262.com\/noticias\/?p=104982"},"modified":"2023-12-08T23:45:54","modified_gmt":"2023-12-08T23:45:54","slug":"el-miercoles-13-juraran-los-nuevos-consejeros-escolares-de-necochea","status":"publish","type":"post","link":"https:\/\/primicias2262.com\/noticias\/el-miercoles-13-juraran-los-nuevos-consejeros-escolares-de-necochea\/","title":{"rendered":"El mi\u00e9rcoles 13 jurar\u00e1n los nuevos consejeros escolares de Necochea"},"content":{"rendered":"<p><strong>El acto tendr\u00e1 lugar a partir de las 10 en el Aula Magna del ex Colegio Nacional. Lo har\u00e1n los 3 electos en el c\u00f3mico general realizado el pasado 22 de octubre, Paula Arg\u00fcello, \u00c1ngel Llona y Mar\u00eda de los \u00c1ngeles El\u00eda, en representaci\u00f3n de la Agrupaci\u00f3n Vecinal Nueva Necochea. En la sesi\u00f3n preparatoria que tuvo desarrollo este jueves 7 en horas de la ma\u00f1ana se distribuyeron los cargos pol\u00edticos. La citada Paula Arg\u00fcello ocupar\u00e1 la Presidencia de la instituci\u00f3n<\/strong><\/p>\n<p><strong>Por Jorge G\u00f3mez<\/strong><\/p>\n<p>En una ceremonia que tendr\u00e1 lugar el pr\u00f3ximo mi\u00e9rcoles 13 de diciembre a partir de las 10 de la ma\u00f1ana en el Aula Magna de la Escuela Normal Superior Jos\u00e9 Manuel Estrada (ex Colegio Nacional) se tomar\u00e1 juramento a los tres consejeros escolares titulares que fueran electos en el comicio general que desarrollo el pasado domingo 22 de octubre.<\/p>\n<p>En esta ocasi\u00f3n prestar\u00e1n juramento, con mandato de cuatro a\u00f1os, o sea hasta diciembre de 2027, Paula Arg\u00fcello, \u00c1ngel Llona y Mar\u00eda de los \u00c1ngeles El\u00eda.<\/p>\n<p>Los tres accedieron a estos cargos democr\u00e1ticos en nombre de la Agrupaci\u00f3n Vecinal Nueva Necochea, habida cuenta el amplio margen de votos que logr\u00f3 esta corriente pol\u00edtica en la citada elecci\u00f3n general. Los dos primeros fueron reelectos para estas funciones de consejeros escolares.<\/p>\n<p>A todo esto, este jueves 7 de diciembre a media ma\u00f1ana tuvo lugar la sesi\u00f3n preparatoria en la que se produjo la distribuci\u00f3n de los cargos que tendr\u00e1 el Consejo Escolar local en los pr\u00f3ximos dos a\u00f1os.<\/p>\n<p>Constituidos los nuevos y los que vienen con mandato -el cuerpo se integra con 6 miembros- se resolvi\u00f3 por unanimidad la siguiente asignaci\u00f3n de responsabilidades: Paula Arg\u00fcello ser\u00e1 la nueva presidenta de la instituci\u00f3n, recayendo la Vicepresidencia en J\u00e9sica Arce, la Tesorer\u00eda en Javier Llona, la Secretar\u00eda en Sandra Rodr\u00edguez, y las dos vocal\u00edas en Eli Ortega y Mar\u00eda de los \u00c1ngeles El\u00eda. A todo esto, el secretario pol\u00edtico continuar\u00e1 siendo Pedro Guevara.<\/p>\n<p>Los tres consejeros escolares que jurar\u00e1n la semana pr\u00f3xima se sumar\u00e1n a aquellas que vienen con mandato hasta diciembre de 2025.<\/p>\n<p>Ellas son Eli Ortega (en nombre de la Agrupaci\u00f3n Nueva Necochea), J\u00e9sica Arce (Frente Renovador) y Sandra Carolina Rodr\u00edguez (Uni\u00f3n C\u00edvica Radical). Estas dos \u00faltimas fueron electas en los comicios legislativos de noviembre de 2021 en nombre del por entonces Frente de Todos y Juntos por el Cambio, respectivamente.<\/p>\n<p>Con la jura a producirse el venidero mi\u00e9rcoles 13 de diciembre, el oficialismo municipal local, representado en la Agrupaci\u00f3n Vecinal Nueva Necochea, pasar\u00e1 a contar con 4 de las 6 bancas que tienen actuaci\u00f3n en el Consejo Escolar de Necochea.<\/p>\n","protected":false},"excerpt":{"rendered":"<p>El acto tendr\u00e1 lugar a partir de las 10 en el Aula Magna del ex Colegio Nacional. Lo har\u00e1n los 3 electos en el c\u00f3mico general realizado el pasado 22 de octubre, Paula Arg\u00fcello, \u00c1ngel Llona y Mar\u00eda de los \u00c1ngeles El\u00eda, en representaci\u00f3n de la Agrupaci\u00f3n Vecinal Nueva Necochea. En la sesi\u00f3n preparatoria que [&hellip;]<\/p>\n","protected":false},"author":3,"featured_media":104983,"comment_status":"open","ping_status":"open","sticky":false,"template":"","format":"standard","meta":{"footnotes":""},"categories":[3],"tags":[],"class_list":["post-104982","post","type-post","status-publish","format-standard","has-post-thumbnail","category-masnoticias"],"_links":{"self":[{"href":"https:\/\/primicias2262.com\/noticias\/wp-json\/wp\/v2\/posts\/104982","targetHints":{"allow":["GET"]}}],"collection":[{"href":"https:\/\/primicias2262.com\/noticias\/wp-json\/wp\/v2\/posts"}],"about":[{"href":"https:\/\/primicias2262.com\/noticias\/wp-json\/wp\/v2\/types\/post"}],"author":[{"embeddable":true,"href":"https:\/\/primicias2262.com\/noticias\/wp-json\/wp\/v2\/users\/3"}],"replies":[{"embeddable":true,"href":"https:\/\/primicias2262.com\/noticias\/wp-json\/wp\/v2\/comments?post=104982"}],"version-history":[{"count":1,"href":"https:\/\/primicias2262.com\/noticias\/wp-json\/wp\/v2\/posts\/104982\/revisions"}],"predecessor-version":[{"id":104984,"href":"https:\/\/primicias2262.com\/noticias\/wp-json\/wp\/v2\/posts\/104982\/revisions\/104984"}],"wp:featuredmedia":[{"embeddable":true,"href":"https:\/\/primicias2262.com\/noticias\/wp-json\/wp\/v2\/media\/104983"}],"wp:attachment":[{"href":"https:\/\/primicias2262.com\/noticias\/wp-json\/wp\/v2\/media?parent=104982"}],"wp:term":[{"taxonomy":"category","embeddable":true,"href":"https:\/\/primicias2262.com\/noticias\/wp-json\/wp\/v2\/categories?post=104982"},{"taxonomy":"post_tag","embeddable":true,"href":"https:\/\/primicias2262.com\/noticias\/wp-json\/wp\/v2\/tags?post=104982"}],"curies":[{"name":"wp","href":"https:\/\/api.w.org\/{rel}","templated":true}]}}