{"id":104986,"date":"2023-12-07T17:37:48","date_gmt":"2023-12-07T17:37:48","guid":{"rendered":"https:\/\/primicias2262.com\/noticias\/?p=104986"},"modified":"2023-12-09T01:19:55","modified_gmt":"2023-12-09T01:19:55","slug":"la-nuestra-es-una-asociacion-sin-fines-de-lucro-y-seguimos-luchando-para-mantenerla","status":"publish","type":"post","link":"https:\/\/primicias2262.com\/noticias\/la-nuestra-es-una-asociacion-sin-fines-de-lucro-y-seguimos-luchando-para-mantenerla\/","title":{"rendered":"\u201cLa nuestra es una asociaci\u00f3n sin fines de lucro y seguimos luchando para mantenerla\u201d"},"content":{"rendered":"<p><strong>As\u00ed lo expres\u00f3 Silvia El\u00edas, quien ha sido nuevamente elegida para presidir la comisi\u00f3n directiva de la Sociedad \u00c1rabe de Necochea entre 2023 y 2025.<\/strong><\/p>\n<p>En comunicaci\u00f3n telef\u00f3nica con Jorge G\u00f3mez para \u201cVoces de la Ciudad\u201d, quien vuelve a presidir la Sociedad \u00c1rabe local, Silvia El\u00edas, manifest\u00f3 tras la renovaci\u00f3n de la comisi\u00f3n directiva que \u201csiempre somos los mismos que seguimos luchando para mantener la sociedad\u201d.<\/p>\n<p>En ese sentido, argument\u00f3 que \u201cpuede que sea por los tiempos de crisis que vivimos o la incertidumbre, pero la gente no quiere compromisos, cursamos invitaciones de todo tipo para acercar m\u00e1s gente a la sociedad pero no hay caso y creo que a todas las colectividades nos pasa lo mismo, la gente no quiere participar mucho, pero seguiremos luch\u00e1ndola\u201d.<\/p>\n<p>En ese marco, record\u00f3 que \u201cla nuestra es una asociaci\u00f3n sin fines de lucro y nos mantenemos a fuerza de hacer cosas y poder llevarla adelante d\u00eda a d\u00eda. Este a\u00f1o hemos arreglado el quincho para poder alquilarlo, invertimos mucho dinero porque el sal\u00f3n es donde bailan las chicas todos los d\u00edas\u201d.<\/p>\n<p>Comisi\u00f3n directiva Sociedad \u00c1rabe 2023-2025<br \/>\nPresidenta: Silvia El\u00edas<br \/>\nVicepresidenta: Brenda Abigail Palomeque<br \/>\nSecretaria: Silvia Sadaha<br \/>\nPro-secretario: Camilo Vidal<br \/>\nTesorera: Maria Silvina Besoin<br \/>\nPro-Tesorera: Silvana Issin<br \/>\nRevisora de Cuentas: Mar\u00eda Florencia Zacharias.<br \/>\nVocales Titulares:<br \/>\nCarolina Besoin<br \/>\nInes Mohamed<br \/>\nAna Mar\u00eda Romero<br \/>\nIsmael G\u00f3mez Yema<br \/>\nVocales suplentes:<br \/>\nAna Mar\u00eda Asa<br \/>\nMois\u00e9s Miranda El\u00edas<br \/>\nBernardo Besoin<\/p>\n","protected":false},"excerpt":{"rendered":"<p>As\u00ed lo expres\u00f3 Silvia El\u00edas, quien ha sido nuevamente elegida para presidir la comisi\u00f3n directiva de la Sociedad \u00c1rabe de Necochea entre 2023 y 2025. En comunicaci\u00f3n telef\u00f3nica con Jorge G\u00f3mez para \u201cVoces de la Ciudad\u201d, quien vuelve a presidir la Sociedad \u00c1rabe local, Silvia El\u00edas, manifest\u00f3 tras la renovaci\u00f3n de la comisi\u00f3n directiva que [&hellip;]<\/p>\n","protected":false},"author":3,"featured_media":104987,"comment_status":"open","ping_status":"open","sticky":false,"template":"","format":"standard","meta":{"footnotes":""},"categories":[3],"tags":[],"class_list":["post-104986","post","type-post","status-publish","format-standard","has-post-thumbnail","category-masnoticias"],"_links":{"self":[{"href":"https:\/\/primicias2262.com\/noticias\/wp-json\/wp\/v2\/posts\/104986","targetHints":{"allow":["GET"]}}],"collection":[{"href":"https:\/\/primicias2262.com\/noticias\/wp-json\/wp\/v2\/posts"}],"about":[{"href":"https:\/\/primicias2262.com\/noticias\/wp-json\/wp\/v2\/types\/post"}],"author":[{"embeddable":true,"href":"https:\/\/primicias2262.com\/noticias\/wp-json\/wp\/v2\/users\/3"}],"replies":[{"embeddable":true,"href":"https:\/\/primicias2262.com\/noticias\/wp-json\/wp\/v2\/comments?post=104986"}],"version-history":[{"count":1,"href":"https:\/\/primicias2262.com\/noticias\/wp-json\/wp\/v2\/posts\/104986\/revisions"}],"predecessor-version":[{"id":104988,"href":"https:\/\/primicias2262.com\/noticias\/wp-json\/wp\/v2\/posts\/104986\/revisions\/104988"}],"wp:featuredmedia":[{"embeddable":true,"href":"https:\/\/primicias2262.com\/noticias\/wp-json\/wp\/v2\/media\/104987"}],"wp:attachment":[{"href":"https:\/\/primicias2262.com\/noticias\/wp-json\/wp\/v2\/media?parent=104986"}],"wp:term":[{"taxonomy":"category","embeddable":true,"href":"https:\/\/primicias2262.com\/noticias\/wp-json\/wp\/v2\/categories?post=104986"},{"taxonomy":"post_tag","embeddable":true,"href":"https:\/\/primicias2262.com\/noticias\/wp-json\/wp\/v2\/tags?post=104986"}],"curies":[{"name":"wp","href":"https:\/\/api.w.org\/{rel}","templated":true}]}}