{"id":104990,"date":"2023-12-07T18:02:05","date_gmt":"2023-12-07T18:02:05","guid":{"rendered":"https:\/\/primicias2262.com\/noticias\/?p=104990"},"modified":"2023-12-08T23:55:10","modified_gmt":"2023-12-08T23:55:10","slug":"servicio-de-recoleccion-este-viernes-8-cambian-los-horarios-y-comienzan-los-refuerzos-de-temporada","status":"publish","type":"post","link":"https:\/\/primicias2262.com\/noticias\/servicio-de-recoleccion-este-viernes-8-cambian-los-horarios-y-comienzan-los-refuerzos-de-temporada\/","title":{"rendered":"Servicio de recolecci\u00f3n: este viernes 8 cambian los horarios y comienzan los refuerzos de temporada"},"content":{"rendered":"<p><strong>Ante la llegada de altas temperaturas se anticipa una hora la diurna y se posterga por una hora la nocturna, al tiempo que se adicionan horarios en la Villa Balnearia y Quequ\u00e9n por el verano.<\/strong><\/p>\n<p>La Municipalidad de Necochea informa que a partir de este viernes 8 de diciembre se modificar\u00e1n los horarios diurnos y nocturnos del servicio de recolecci\u00f3n de residuos domiciliaria durante el verano, al tiempo que ya entran en vigencia los refuerzos de temporada en la Villa Balnearia y Quequ\u00e9n.<\/p>\n<p>El titular de dicha \u00e1rea que depende de la Secretar\u00eda de Planeamiento, Obras y Servicvios P\u00fablicos, Adri\u00e1n Ciancaglini, confirm\u00f3 que a partir de este viernes 8 de diciembre habr\u00e1 cambio de horario en la recolecci\u00f3n de residuos domiciliaria en todo el distrito. \u201cLas salidas que se hac\u00edan a las 8 y a las 20, durante el verano ser\u00e1n de lunes a s\u00e1bado a partir de las 7 hs. la diurna y de domingo a viernes a partir de las 21 la nocturna\u201d, inform\u00f3.<\/p>\n<p>El objetivo ampliar los horarios y que el personal que realiza la recolecci\u00f3n no sufra las altas temperaturas.<\/p>\n<p>Con respecto a los horarios adicionales de temporada, Ciancaglini inform\u00f3 que empiezan todos los refuerzos este viernes 8 de diciembre: \u201cEn la Villa Balnearia seguimos con el mismo sistema, a partir de las 8.30 la recolecci\u00f3n diurna y a la 01.30 por la noche, eso es todos los d\u00edas inclusive los festivos, excepto el 24 de diciembre y el 31 por la noche\u201d, sintetiz\u00f3.<\/p>\n<p>Asimismo, confirm\u00f3 los refuerzos de verano para Quequ\u00e9n durante los domingos, como se ven\u00eda haciendo durante las temporadas anteriores. \u201cSe ha acordado con el Sindicato de Choferes y la Empresa Relisa como todos los a\u00f1os, las tres partes hemos coincidido en el tema\u201d, resalt\u00f3.<\/p>\n<p>Por otra parte, se refiri\u00f3 tambi\u00e9n a los residuos no domiciliarios, al subrayar que \u201cen ese sentido nos manejamos a trav\u00e9s del 147 y es muy importante que llamen los vecinos a esa l\u00ednea. Es un residuo no domiciliario cuando no se trata de un residuo convencional que se llevan todos los d\u00edas, es decir, cuando al cantidad de bolsas supera las cuatro ya es voluminoso y hay que llamar al 147, y dentro de las 48 o 72 horas pasan a retirarlo\u201d.<\/p>\n","protected":false},"excerpt":{"rendered":"<p>Ante la llegada de altas temperaturas se anticipa una hora la diurna y se posterga por una hora la nocturna, al tiempo que se adicionan horarios en la Villa Balnearia y Quequ\u00e9n por el verano. La Municipalidad de Necochea informa que a partir de este viernes 8 de diciembre se modificar\u00e1n los horarios diurnos y [&hellip;]<\/p>\n","protected":false},"author":3,"featured_media":102989,"comment_status":"open","ping_status":"open","sticky":false,"template":"","format":"standard","meta":{"footnotes":""},"categories":[3],"tags":[],"class_list":["post-104990","post","type-post","status-publish","format-standard","has-post-thumbnail","category-masnoticias"],"_links":{"self":[{"href":"https:\/\/primicias2262.com\/noticias\/wp-json\/wp\/v2\/posts\/104990","targetHints":{"allow":["GET"]}}],"collection":[{"href":"https:\/\/primicias2262.com\/noticias\/wp-json\/wp\/v2\/posts"}],"about":[{"href":"https:\/\/primicias2262.com\/noticias\/wp-json\/wp\/v2\/types\/post"}],"author":[{"embeddable":true,"href":"https:\/\/primicias2262.com\/noticias\/wp-json\/wp\/v2\/users\/3"}],"replies":[{"embeddable":true,"href":"https:\/\/primicias2262.com\/noticias\/wp-json\/wp\/v2\/comments?post=104990"}],"version-history":[{"count":1,"href":"https:\/\/primicias2262.com\/noticias\/wp-json\/wp\/v2\/posts\/104990\/revisions"}],"predecessor-version":[{"id":104991,"href":"https:\/\/primicias2262.com\/noticias\/wp-json\/wp\/v2\/posts\/104990\/revisions\/104991"}],"wp:featuredmedia":[{"embeddable":true,"href":"https:\/\/primicias2262.com\/noticias\/wp-json\/wp\/v2\/media\/102989"}],"wp:attachment":[{"href":"https:\/\/primicias2262.com\/noticias\/wp-json\/wp\/v2\/media?parent=104990"}],"wp:term":[{"taxonomy":"category","embeddable":true,"href":"https:\/\/primicias2262.com\/noticias\/wp-json\/wp\/v2\/categories?post=104990"},{"taxonomy":"post_tag","embeddable":true,"href":"https:\/\/primicias2262.com\/noticias\/wp-json\/wp\/v2\/tags?post=104990"}],"curies":[{"name":"wp","href":"https:\/\/api.w.org\/{rel}","templated":true}]}}