{"id":104995,"date":"2023-12-08T23:44:28","date_gmt":"2023-12-08T23:44:28","guid":{"rendered":"https:\/\/primicias2262.com\/noticias\/?p=104995"},"modified":"2023-12-10T22:05:31","modified_gmt":"2023-12-10T22:05:31","slug":"junto-al-cambio-de-la-politica-nacional-se-inicia-el-segundo-mandato-de-arturo-rojas","status":"publish","type":"post","link":"https:\/\/primicias2262.com\/noticias\/junto-al-cambio-de-la-politica-nacional-se-inicia-el-segundo-mandato-de-arturo-rojas\/","title":{"rendered":"Junto al cambio de la pol\u00edtica nacional se inicia el segundo mandato de Arturo Rojas"},"content":{"rendered":"<p><strong>Por Jorge G\u00f3mez<\/strong><\/p>\n<p>Entre aquel escenario previo a las primarias de agosto y este que se presenta en diciembre de 2023 pareciera que hubiesen transcurrido, a nivel pa\u00eds, una avalancha de transformaciones que proyectan -se supone- la invasi\u00f3n y desembarco de los m\u00e1s que probables y agudos cambios en la administraci\u00f3n del Estado nacional, circunstancias que tarde o temprano -expectativas al fin- estar\u00edan tambi\u00e9n arribando a las fronteras provinciales y por ende a las municipales.<\/p>\n<p>En este particular\u00edsimo marco de infinidad de preguntas y carencia de respuestas es que estar\u00e1 jurando su segundo mandato como intendente municipal de Necochea el doctor Arturo Rojas.<\/p>\n<p>Lo har\u00e1 este lunes 11 de diciembre por la tarde (pron\u00f3stico adem\u00e1s de mucho calor), tras lo propio que har\u00e1n los concejales electos el pasado domingo 22 de octubre, en la renovaci\u00f3n de la mitad del cuerpo de ediles del distrito, Departamento comunal que, si nada extra\u00f1o ocurre, seguir\u00eda siendo presidido por el oficialista Guillermo S\u00e1nchez, reelecto asimismo en el aludido comicio de hace menos de dos meses atr\u00e1s.<\/p>\n<p>Y no fue hace mucho tiempo -nada m\u00e1s que un pu\u00f1ado de semanas- en que Arturo Rojas -el exponente excluyente de la Agrupaci\u00f3n Vecinal Nueva Necochea- logr\u00f3 su reelecci\u00f3n como titular del Ejecutivo necochense con casi el 50% de los votos positivos.<\/p>\n<p>Pero es imposible desenganchar lo que eventualmente suceder\u00e1 en la gesti\u00f3n del municipio local con esa hilera de planes y de prop\u00f3sitos que el presidente electo Javier Milei (La Libertad Avanza) aspira a llevar adelante a lo ancho y largo de la Argentina, con prop\u00f3sitos que, si se compara aquellas promesas del \u00faltimo invierno con las escuchadas en la previa a la primera y segunda vuelta presidencial, se conjetura un penetrante cambio en las formas y la cualidades del futuro manejo del Estado federal.<\/p>\n<p>\u201cAvanza la realidad\u201d, frase que le pertenece al columnista de La Naci\u00f3n, Carlos Pagni, que difiere de los esbozos electorales de aquel Mieli de hace semanas atr\u00e1s.<\/p>\n<p>La inminente puesta en marcha de su gesti\u00f3n nacional tiene a gobernadores, legisladores de los planos nacionales, provinciales y comunales, como as\u00ed a intendentes y al mundo privado -aqu\u00ed entra la mayor\u00eda de la poblaci\u00f3n del pa\u00eds- casi en una suerte de pausa.<\/p>\n<p>Los que algo saben admiten que lo que se viene no ser\u00e1 una Argentina f\u00e1cil y que ese probable estr\u00e9s pol\u00edtico de car\u00e1cter institucional verter\u00e1 hacia gestiones como lo ser\u00e1 buena parte del primer trato de este segundo mandato al que pondr\u00e1 proa el doctor Arturo Rojas.<\/p>\n<p>El actual intendente asumi\u00f3 hace cuatro a\u00f1os con una comuna t\u00e9cnicamente sin recursos, a punto de que se le cortasen los servicios -se recuerda la falta de tono de algunos tel\u00e9fonos por falta de pago-, y abarrotada de problemas que, relatados, ser\u00edan innecesarios citar por aqu\u00ed. La memoria ayuda y mucho en este sentido.<\/p>\n<p>\u201cEstamos ante una m\u00e1s que factible pandemia pol\u00edtica, econ\u00f3mica, financiera y social, en este caso no sanitaria\u201d, puso en palabras un muy cercano colaborador del jefe comunal, con tono de voz que, sin querer hacerlo, semej\u00f3 a quienes casi dispensan condolencias al despedir a un ser querido.<\/p>\n<p>Todos los jefes comunales de la regi\u00f3n, consultados al respecto, est\u00e1n con el ticket en la mano a la espera de subirse a una especie de monta\u00f1a rusa -arquetipo de ejemplo-, con concurrentes con responsabilidades p\u00fablicas que tambi\u00e9n han empezado a repetir una corta e inclemente frase: \u201cNo hay ni habr\u00e1 plata\u201d.<\/p>\n<p>Aquel enunciado de lo que se jacta pertenece a la abstracta \u201ccasta\u201d de que \u201csi no ten\u00e9s plata olv\u00eddate de hacer pol\u00edtica (partidaria y p\u00fablica)\u201d se manifestar\u00eda camino, por el momento al archivo. Se ver\u00e1 si el perfume al pragmatismo toma o no cuerpo en los desconocidos t\u00faneles del poder nacional.<\/p>\n<p>Arturo Rojas adem\u00e1s de su reelecci\u00f3n, basada en una correcta y prolija administraci\u00f3n de la hacienda y de los bienes p\u00fablicos, adicionado a una hilera de obras con financiaci\u00f3n nacional y provincial, con una generosa partida comunal para finalizar las mismas, y con la acotaci\u00f3n del recupero de espacios p\u00fablicos y el sost\u00e9n de los servicios que est\u00e1n bajo la responsabilidad y la tutela municipal, se mantiene asimismo expectante al desconocido escenario pol\u00edtico que motiva la figura de Milei y el contenido de su bien cercana gesti\u00f3n nacional.<\/p>\n<p><strong>AXEL Y ARTURO<\/strong><br \/>\nQuienes lo interpretan comentan que los canales de di\u00e1logo con el gobierno del reelecto gobernador Axel Kicillof estar\u00edan aceptablemente bien, pero este \u00faltimo estar\u00eda frente a un futuro que depende total y exclusivamente del socorro econ\u00f3mico y financiero de las arcas que conducir\u00e1 pr\u00f3ximamente el presidente electo.<\/p>\n<p>Sin estos capitales \u201cextraordinarios\u201d a la administraci\u00f3n provincial se la considerar\u00eda \u201cinviable\u201d.<\/p>\n<p>De all\u00ed se alega la dilaci\u00f3n del remito al Concejo Deliberante del proyecto local de c\u00e1lculo de recursos y presupuesto de gastos del ejercicio municipal 2024, expediente que, al no conocerse qu\u00e9 dinero o qu\u00e9 porcentaje de la coparticipaci\u00f3n le corresponder\u00e1 a Necochea, resultar\u00eda casi \u201cuna apariencia en cuanto a los ingresos\u201d.<\/p>\n<p>Un n\u00famero ya se tiene en atenci\u00f3n a la suposici\u00f3n por el pago de tasas -promedio desde enero del venidero a\u00f1o, con un ajuste del 140%-, pero sin aquel dato que emanar\u00eda de La Plata \u201cestamos con las manos atadas\u201d, se puntualiz\u00f3.<\/p>\n<p>Por lo tanto, ser\u00e1 el nuevo Concejo Deliberante, con la mitad de su composici\u00f3n renovada -algunos fueron reelectos-, el que tratar\u00eda este expediente, en un per\u00edodo de ordinarias del HCD prorrogado hasta el 31 de diciembre.<\/p>\n<p>\u201cSi googleamos las propuestas de Milei antes de las primarias, y a\u00f1adimos las que expres\u00f3 previo a la primera vuelta -22 de octubre- junto a las de la segunda vuelta -balotaje 19 de noviembre-, claro que ni Arturo ni otros sectores estaban de acuerdo con esas ideas, pero el accionar actual del jefe de Estado electo dista y mucho de aquellos dichos\u201d, intent\u00f3 dar cuenta un auxiliar del Departamento Ejecutivo al pretender proteger la postura del jefe comunal, quien y entre otros, brind\u00f3 su apoyo al ex candidato Sergio Massa.<\/p>\n<p>Claro que en Necochea de cada 10 ciudadanos que fueron al balotaje casi 7 lo hicieron por el dirigente de la Libertad Avanza, como as\u00ed se recuerda que de aquellos 10 tambi\u00e9n sufragaron el domingo 22 octubre 5 de ellos a favor de Rojas. Diferentes comicios, diferentes decisiones.<\/p>\n<p>En la compulsa nacional final se busc\u00f3 el cambio, pero en Necochea no fue as\u00ed. Est\u00e1n para ello y a la vista los resultados electorales.<\/p>\n<p>\u201cSer\u00e1 un 2024 al estilo (Juan) Gamba y (Enrique) Parisey\u201d, apunt\u00f3 otro funcionario de la administraci\u00f3n municipal, aludiendo a la creatividad, ingenio y chispa de la dupla que pilotea el \u00e1rea de Cultura.<\/p>\n<p>Y otra m\u00e1xima que tiene su raz\u00f3n: \u201cEquipo que gana, no se toca\u201d, sugiriendo que el cuerpo de auxiliares pol\u00edticos del intendente Arturo Rojas ver\u00eda posiblemente algunos cambios, pero sin la espectacularidad que azuzan quienes quieren ver alteraciones que sostiene la supervivencia de los famosos chismes, convertidos por algunos en la \u201cesencia del actual debate pol\u00edtico\u201d.<\/p>\n<p><strong>RENOVAR LA AGENDA LEGISLATIVA<\/strong><br \/>\nAqu\u00ed cotiza una sugerencia, por no afirmar una casi s\u00faplica de que se eleve de una vez por todas la deliberaci\u00f3n pol\u00edtica necochense. La cualidad de esta suerte de petici\u00f3n dejar\u00eda fuera de la cancha a quienes les encanta moverse en el lodo de la nada que de tanto en tanto ingresa de vez en cuanto al hist\u00f3rico edificio del Palacio municipal.<\/p>\n<p>La reelecci\u00f3n de Arturo Rojas, a horas de jurar su segundo mandato consecutivo, est\u00e1 compeliendo a la oposici\u00f3n a empezar a trajinar (novicias construcciones pol\u00edticas, por cierto) por senderos diferentes a los que ha vagado en los \u00faltimos a\u00f1os. Los n\u00fameros de la elecci\u00f3n municipal de 22 de octubre as\u00ed lo expresan.<\/p>\n<p>La disyuntiva de que sea la austeridad el sello que regir\u00eda la gesti\u00f3n del naciente segundo mandato del jefe comunal, quien pide donde puede y ante quien se le cruce el menester de discutir y resolver otra f\u00f3rmula para distribuir los recursos que salen de Necochea hacia Buenos Aires y La Plata, en un bochornoso unitarismo tributario, vuelve a enfocar la derivaci\u00f3n de fondos municipales hacia los tres planos que absorbe una gran parte de la hacienda p\u00fablica local: salarios, servicio sanitario de salud -sost\u00e9n de hospitales, y centros de atenci\u00f3n primaria-, y la recolecci\u00f3n de residuos.<\/p>\n<p>Anticip\u00f3 que el venidero oto\u00f1o, cuando comiencen las sesiones ordinarias del Concejo Deliberante, estar\u00eda enviando un proyecto de creaci\u00f3n de un Ente Descentralizado de Salud. De ser as\u00ed y quedar aprobado, reci\u00e9n estar\u00eda operativo en el ejercicio municipal 2025.<\/p>\n<p>La inversi\u00f3n sanitaria tiene de los pelos no tan s\u00f3lo a esta gesti\u00f3n comunal sino que ha dejado exhausta a otras administraciones, con un drenaje de recursos que no descansa y agota cualquier partida presupuestaria que est\u00e9 e la vista.<\/p>\n<p>\u201cArturo te dice siempre la verdad\u201d. Un santo y se\u00f1a de una condici\u00f3n del intendente -que tambi\u00e9n tiene sus antagonistas- cuando asume un compromiso con los vecinos y con aquellos con los que firma convenios en nombre de la comuna de Necochea.<\/p>\n<p>Y esa naturaleza pol\u00edtica es la que se espera signifique al momento de decir alg\u00fan que otro que \u201cno\u201d, cuando la demanda de recursos se le presente en su escritorio, a sabiendas -otra sospecha- de que sectores populares han escuchado la palabra \u201cestanflaci\u00f3n\u201d.<\/p>\n<p>Estos \u00faltimos ser\u00e1n los comprendidos -\u00bfafectados?- en las consecuencias de lo que le ocurra a la futura econom\u00eda y las finanzas argentinas, tanto p\u00fablicas como privadas.<br \/>\nArturo Rojas -seg\u00fan la ley que estuvo suspendida para este a\u00f1o electoral, pero que rige en la Provincia- no tendr\u00e1 posibilidad de competir por otro turno como intendente en ese muy pero muy lejano 2027.<\/p>\n<p>O sea que el reloj de arena le empezar\u00e1 a correr cuando en horas m\u00e1s est\u00e9 jurando en el HCD, inaugurando su segundo mandato consecutivo. Algo similar -si no se aplaza la norma vigente- se asoma en el futuro del gobernador de la Provincia, Axel Kicillof.<\/p>\n<p>El jefe comunal y el citado gobernador han hablado en privado. Y Rojas adem\u00e1s lo est\u00e1 haciendo con los m\u00e1s cercanos al titular del Ejecutivo bonaerense.<br \/>\nTanto de cuestiones de gesti\u00f3n -circunstancia institucional fin- como del porvenir pol\u00edtico de ambos dirigentes reelectos \u00bfY qu\u00e9 m\u00e1s? No hay fuente que sepa algo al respecto. Habladur\u00edas se api\u00f1an unas con otras.<\/p>\n<p><strong>PEDIDO DE MAS RENOVACION<\/strong><br \/>\nEl intendente sostiene que las otras dos instituciones que considera preponderantes para que el Partido de Necochea pueda ir mejorando decididamente en cada uno de sus perfiles -todos ellos generan trabajo, por cierto-, deber\u00edan jalonarse en paralelo a los desaf\u00edos que promueve y pretende gestar de aqu\u00ed en adelante como m\u00e1xima autoridad pol\u00edtica distrital.<br \/>\nEst\u00e1 hablando de la Usina Popular Cooperativa y del Consorcio de Gesti\u00f3n del Puerto de Quequ\u00e9n.<\/p>\n<p>A la primera entidad la califica de p\u00e9simamente administrada y en camino a decisiones radicales que anticip\u00f3.<\/p>\n<p>Mientras que sobre la restante se est\u00e1 a la espera de disposiciones de tinte provincial, con un conglomerado de operadores portuarios que estar\u00edan haciendo lo suyo, movida que resultar\u00eda -trascendi\u00f3- en un importante giro en el gobierno del ente. Todo a prueba del \u201cavance de la realidad\u201d.<\/p>\n<p>\u00bfQu\u00e9 Concejo Deliberante nacer\u00e1 con la mitad que se ver\u00e1 renovada en horas m\u00e1s? El oficialismo -claro est\u00e1- se encuentra orejeando c\u00f3mo tener una mayor\u00eda para tranquilidad de quienes se sientan en los principales despachos del primer piso del Palacio municipal.<br \/>\nPero no todo deber\u00eda pasar por all\u00ed. Porque este segundo mandato de Arturo Rojas, adem\u00e1s de la posible tempestad que ser\u00eda el debate y la discusi\u00f3n pol\u00edtica nacional, adem\u00e1s de \u00e9sta con su alcance en el territorio bonaerense, tendr\u00eda por escrito un rosario de ambiciones que requiere de fondos, de dinero.<\/p>\n<p>Se habla y mucho de insistir con el desarrollo de obras barriales bajo el sistema vecino-municipio (los primeros ponen la plata y la comuna la mano de obra y maquinaria), como as\u00ed de la variante de declarar de utilidad p\u00fablica y pago obligatorio algunos proyectos de mayor envergadura, para lo cual se requiere la adhesi\u00f3n de un buen porcentaje de contribuyentes frentistas beneficiados con este tipo de emprendimientos.<\/p>\n<p>Se ver\u00e1, en este sentido, c\u00f3mo estar\u00e1n los bolsillos de estos \u00faltimos, temerosos tambi\u00e9n del diluvio de medidas del hipot\u00e9tico ajuste presidencial.<\/p>\n<p>\u00bfSer\u00e1 la arena del HCD en la que pol\u00edtica p\u00fablica institucional nos ofrezca un mejorado nivel de tratamiento de lo que enviar\u00eda en calidad de proyectos el Ejecutivo o de lo que gestar\u00edan los concejales, con resultado en decisiones que podr\u00edan merecer m\u00e1s no sea un tibio aplauso ciudadano?<\/p>\n<p>Un interrogante de tres renglones que est\u00e1 a la espera de contestaciones que el tiempo dir\u00e1.<\/p>\n<p>\u201cArturo seguir\u00e1 yendo a los barrios con la oficina m\u00f3vil. Y dar\u00e1 la cara. Dir\u00e1 que s\u00ed a lo que se puede y dir\u00e1 que no a lo que no se puede hacer. Es su estilo\u201d, recit\u00f3 un allegado que es de acompa\u00f1arlo en estas incursiones barriales.<\/p>\n<p>Al mirar el vaso medio lleno se podr\u00eda afirmar que el conductor municipal -reelecto como jefe comunal- est\u00e1 consciente de que siempre hay contratiempos (\u201csiendo intendente, te despert\u00e1s todas las ma\u00f1anas y al segundo te dan el beb\u00e9 cagado\u201d, record\u00f3 un ex jefe del DE, explicando que jornada tras jornada florecen los problemas), pero \u201ctiene equipo, temple, da la cara, dice no tener pero tiene proyectos en mente, es de abrir puertas y de tener paciencia para que se las abran, posee opciones frente a las dificultades que \u00e9l y todos sabemos est\u00e1n a la vista, y adem\u00e1s hay que sumarle el apoyo de esos miles de votos de octubre\u201d, defini\u00f3 por estas horas otro de esos pr\u00f3ximos que bien lo conoce a Arturo Rojas.<\/p>\n<p>Presto este dirigente, con m\u00e1s de dos d\u00e9cadas en el devenir pol\u00edtico local, a jurar este nuevo contrato de cuatro a\u00f1os como titular del Departamento Ejecutivo de la Municipalidad local.<\/p>\n<p>Y est\u00e1 listo, preparado y con experiencia para darle lucha y respuesta a los trastornos que d\u00eda a d\u00eda se le cruzar\u00e1n en su labor de intendente, sin dejar de so\u00f1ar en grande en favor de Necochea, de Quequ\u00e9n, y de esas apreciadas localidades del interior del distrito que est\u00e1n cargadas -pese al clima espeso de este fin de 2023- de lozanas esperanzas y de nuevas ilusiones.<\/p>\n","protected":false},"excerpt":{"rendered":"<p>Por Jorge G\u00f3mez Entre aquel escenario previo a las primarias de agosto y este que se presenta en diciembre de 2023 pareciera que hubiesen transcurrido, a nivel pa\u00eds, una avalancha de transformaciones que proyectan -se supone- la invasi\u00f3n y desembarco de los m\u00e1s que probables y agudos cambios en la administraci\u00f3n del Estado nacional, circunstancias [&hellip;]<\/p>\n","protected":false},"author":3,"featured_media":104693,"comment_status":"open","ping_status":"open","sticky":false,"template":"","format":"standard","meta":{"footnotes":""},"categories":[3],"tags":[],"class_list":["post-104995","post","type-post","status-publish","format-standard","has-post-thumbnail","category-masnoticias"],"_links":{"self":[{"href":"https:\/\/primicias2262.com\/noticias\/wp-json\/wp\/v2\/posts\/104995","targetHints":{"allow":["GET"]}}],"collection":[{"href":"https:\/\/primicias2262.com\/noticias\/wp-json\/wp\/v2\/posts"}],"about":[{"href":"https:\/\/primicias2262.com\/noticias\/wp-json\/wp\/v2\/types\/post"}],"author":[{"embeddable":true,"href":"https:\/\/primicias2262.com\/noticias\/wp-json\/wp\/v2\/users\/3"}],"replies":[{"embeddable":true,"href":"https:\/\/primicias2262.com\/noticias\/wp-json\/wp\/v2\/comments?post=104995"}],"version-history":[{"count":1,"href":"https:\/\/primicias2262.com\/noticias\/wp-json\/wp\/v2\/posts\/104995\/revisions"}],"predecessor-version":[{"id":104996,"href":"https:\/\/primicias2262.com\/noticias\/wp-json\/wp\/v2\/posts\/104995\/revisions\/104996"}],"wp:featuredmedia":[{"embeddable":true,"href":"https:\/\/primicias2262.com\/noticias\/wp-json\/wp\/v2\/media\/104693"}],"wp:attachment":[{"href":"https:\/\/primicias2262.com\/noticias\/wp-json\/wp\/v2\/media?parent=104995"}],"wp:term":[{"taxonomy":"category","embeddable":true,"href":"https:\/\/primicias2262.com\/noticias\/wp-json\/wp\/v2\/categories?post=104995"},{"taxonomy":"post_tag","embeddable":true,"href":"https:\/\/primicias2262.com\/noticias\/wp-json\/wp\/v2\/tags?post=104995"}],"curies":[{"name":"wp","href":"https:\/\/api.w.org\/{rel}","templated":true}]}}