{"id":104997,"date":"2023-12-08T23:47:41","date_gmt":"2023-12-08T23:47:41","guid":{"rendered":"https:\/\/primicias2262.com\/noticias\/?p=104997"},"modified":"2023-12-10T22:19:18","modified_gmt":"2023-12-10T22:19:18","slug":"se-anuncia-una-jornada-de-castracion-masiva-en-el-barrio-los-alamos","status":"publish","type":"post","link":"https:\/\/primicias2262.com\/noticias\/se-anuncia-una-jornada-de-castracion-masiva-en-el-barrio-los-alamos\/","title":{"rendered":"Se anuncia una jornada de castraci\u00f3n masiva en el Barrio \u201cLos \u00c1lamos\u201d"},"content":{"rendered":"<p><strong>Se realizar\u00e1 el s\u00e1bado 16 de diciembre en la Capilla San Pablo de dicho barrio, por orden de llegada y con un cupo m\u00e1ximo de 45 mascotas.<\/strong><\/p>\n<p>La Direcci\u00f3n de Bromatolog\u00eda e Higiene, dependiente de la Secretar\u00eda de Salud, anuncia que el s\u00e1bado 16 de diciembre brindar\u00e1 un nuevo operativo gratuito e itinerante de castraci\u00f3n masiva de mascotas, en este turno en la Capilla San Pablo del Barrio Los \u00c1lamos, en calle 88 N\u00ba 1565.<\/p>\n<p>Para la jornada se entregar\u00e1n los turnos por orden de llegada a partir de las 9, y como m\u00e1ximo hasta 45 mascotas. Se aclar\u00f3 que se dar\u00e1 prioridad a los vecinos del barrio y hay que llevar DNI para firmar consentimiento para la cirug\u00eda de la mascota.<\/p>\n<p>Como suele hacerse en estos operativos, primeramente se castrar\u00e1 a los felinos, ya que sufren mayor estr\u00e9s, mientras que a continuaci\u00f3n a los caninos, los cuales deber\u00e1n llevar bozal.<\/p>\n<p>Se apunt\u00f3 adem\u00e1s que la jornada se suspende por lluvia y para m\u00e1s informaci\u00f3n los interesados pueden comunicarse al fijo de Bromatolog\u00eda e Higiene 42-35-79 o al Instagran bromatologia.necochea.<\/p>\n","protected":false},"excerpt":{"rendered":"<p>Se realizar\u00e1 el s\u00e1bado 16 de diciembre en la Capilla San Pablo de dicho barrio, por orden de llegada y con un cupo m\u00e1ximo de 45 mascotas. La Direcci\u00f3n de Bromatolog\u00eda e Higiene, dependiente de la Secretar\u00eda de Salud, anuncia que el s\u00e1bado 16 de diciembre brindar\u00e1 un nuevo operativo gratuito e itinerante de castraci\u00f3n [&hellip;]<\/p>\n","protected":false},"author":3,"featured_media":105014,"comment_status":"open","ping_status":"open","sticky":false,"template":"","format":"standard","meta":{"footnotes":""},"categories":[3],"tags":[],"class_list":["post-104997","post","type-post","status-publish","format-standard","has-post-thumbnail","category-masnoticias"],"_links":{"self":[{"href":"https:\/\/primicias2262.com\/noticias\/wp-json\/wp\/v2\/posts\/104997","targetHints":{"allow":["GET"]}}],"collection":[{"href":"https:\/\/primicias2262.com\/noticias\/wp-json\/wp\/v2\/posts"}],"about":[{"href":"https:\/\/primicias2262.com\/noticias\/wp-json\/wp\/v2\/types\/post"}],"author":[{"embeddable":true,"href":"https:\/\/primicias2262.com\/noticias\/wp-json\/wp\/v2\/users\/3"}],"replies":[{"embeddable":true,"href":"https:\/\/primicias2262.com\/noticias\/wp-json\/wp\/v2\/comments?post=104997"}],"version-history":[{"count":1,"href":"https:\/\/primicias2262.com\/noticias\/wp-json\/wp\/v2\/posts\/104997\/revisions"}],"predecessor-version":[{"id":104998,"href":"https:\/\/primicias2262.com\/noticias\/wp-json\/wp\/v2\/posts\/104997\/revisions\/104998"}],"wp:featuredmedia":[{"embeddable":true,"href":"https:\/\/primicias2262.com\/noticias\/wp-json\/wp\/v2\/media\/105014"}],"wp:attachment":[{"href":"https:\/\/primicias2262.com\/noticias\/wp-json\/wp\/v2\/media?parent=104997"}],"wp:term":[{"taxonomy":"category","embeddable":true,"href":"https:\/\/primicias2262.com\/noticias\/wp-json\/wp\/v2\/categories?post=104997"},{"taxonomy":"post_tag","embeddable":true,"href":"https:\/\/primicias2262.com\/noticias\/wp-json\/wp\/v2\/tags?post=104997"}],"curies":[{"name":"wp","href":"https:\/\/api.w.org\/{rel}","templated":true}]}}