{"id":104999,"date":"2023-12-08T23:54:33","date_gmt":"2023-12-08T23:54:33","guid":{"rendered":"https:\/\/primicias2262.com\/noticias\/?p=104999"},"modified":"2023-12-10T16:11:22","modified_gmt":"2023-12-10T16:11:22","slug":"capacitaron-a-los-concejales-que-asumiran-el-proximo-lunes","status":"publish","type":"post","link":"https:\/\/primicias2262.com\/noticias\/capacitaron-a-los-concejales-que-asumiran-el-proximo-lunes\/","title":{"rendered":"Capacitaron a los concejales que asumir\u00e1n el pr\u00f3ximo lunes"},"content":{"rendered":"<p>En el marco del Decreto N\u00b0 3816\/21 que cre\u00f3 el Taller de Capacitaci\u00f3n para concejales electos quienes asumir\u00e1n sus bancas el 11 de diciembre, a las 19hs, se realizaron tres reuniones de preparaci\u00f3n y formaci\u00f3n de los mismos que estuvieron a cargo de Mar\u00eda Jos\u00e9 Cabret\u00f3n, Directora Legislativa y Hugo Senzacqua, Director de Relaciones Institucionales y Relaciones con la comunidad.<\/p>\n<p>Durante la capacitaci\u00f3n se inform\u00f3 sobre la funci\u00f3n que deben cumplir los ediles, el<br \/>\nreglamento interno del Concejo Deliberante y lo que dispone la Ley Org\u00e1nica de las<br \/>\nMunicipalidades.<\/p>\n<p>De los 10 concejales que asumir\u00e1n, se destaca que Guillermo S\u00e1nchez, Marcelo Schwars,<br \/>\nGabriela Espinosa y Bartolom\u00e9 Zubillaga, todos integrantes del bloque Nueva Necochea,<br \/>\nfueron reelectos; en tanto Silvina Jensen Menna (Nueva Necochea), Mariano Valiante y<br \/>\nVer\u00f3nica Bibbo (La Libertad Avanza), Juli\u00e1n Kristiansen y Evangelina Almada (Uni\u00f3n por la<br \/>\nPatria) y Rodrigo Irigoyen (Juntos por el Cambio), fueron los que recibieron la capacitaci\u00f3n.<\/p>\n<p>Durante el transcurso del taller, los futuros ediles se interiorizaron sobre las diferentes normas que se pueden sancionar en el Poder Legislativo local, tales como ordenanzas, decretos, resoluciones, declaraciones y minutas de comunicaci\u00f3n y la figura de la ordenanza ad refer\u00e9ndum, ordenanzas impositivas o de creaci\u00f3n de tasas, la sesi\u00f3n de Mayores Contribuyentes y la composici\u00f3n de las comisiones del Concejo.<\/p>\n<p>Finalmente el cierre de la capacitaci\u00f3n estuvo a cargo del Presidente del HCD, Dr. Guillermo<br \/>\nS\u00e1nchez.<\/p>\n<p>En la Sesi\u00f3n Preparatoria a realizarse el lunes 11 de diciembre de asunci\u00f3n de los concejales electos, se elegir\u00e1n las autoridades del cuerpo por votaci\u00f3n.<br \/>\nEsta sesi\u00f3n ser\u00e1 presidida por el concejal electo de mayor edad de la lista ganadora, mientras el secretario es el m\u00e1s joven de la segunda lista que m\u00e1s votos obtuvo.<\/p>\n","protected":false},"excerpt":{"rendered":"<p>En el marco del Decreto N\u00b0 3816\/21 que cre\u00f3 el Taller de Capacitaci\u00f3n para concejales electos quienes asumir\u00e1n sus bancas el 11 de diciembre, a las 19hs, se realizaron tres reuniones de preparaci\u00f3n y formaci\u00f3n de los mismos que estuvieron a cargo de Mar\u00eda Jos\u00e9 Cabret\u00f3n, Directora Legislativa y Hugo Senzacqua, Director de Relaciones Institucionales [&hellip;]<\/p>\n","protected":false},"author":3,"featured_media":105000,"comment_status":"open","ping_status":"open","sticky":false,"template":"","format":"standard","meta":{"footnotes":""},"categories":[3],"tags":[],"class_list":["post-104999","post","type-post","status-publish","format-standard","has-post-thumbnail","category-masnoticias"],"_links":{"self":[{"href":"https:\/\/primicias2262.com\/noticias\/wp-json\/wp\/v2\/posts\/104999","targetHints":{"allow":["GET"]}}],"collection":[{"href":"https:\/\/primicias2262.com\/noticias\/wp-json\/wp\/v2\/posts"}],"about":[{"href":"https:\/\/primicias2262.com\/noticias\/wp-json\/wp\/v2\/types\/post"}],"author":[{"embeddable":true,"href":"https:\/\/primicias2262.com\/noticias\/wp-json\/wp\/v2\/users\/3"}],"replies":[{"embeddable":true,"href":"https:\/\/primicias2262.com\/noticias\/wp-json\/wp\/v2\/comments?post=104999"}],"version-history":[{"count":1,"href":"https:\/\/primicias2262.com\/noticias\/wp-json\/wp\/v2\/posts\/104999\/revisions"}],"predecessor-version":[{"id":105001,"href":"https:\/\/primicias2262.com\/noticias\/wp-json\/wp\/v2\/posts\/104999\/revisions\/105001"}],"wp:featuredmedia":[{"embeddable":true,"href":"https:\/\/primicias2262.com\/noticias\/wp-json\/wp\/v2\/media\/105000"}],"wp:attachment":[{"href":"https:\/\/primicias2262.com\/noticias\/wp-json\/wp\/v2\/media?parent=104999"}],"wp:term":[{"taxonomy":"category","embeddable":true,"href":"https:\/\/primicias2262.com\/noticias\/wp-json\/wp\/v2\/categories?post=104999"},{"taxonomy":"post_tag","embeddable":true,"href":"https:\/\/primicias2262.com\/noticias\/wp-json\/wp\/v2\/tags?post=104999"}],"curies":[{"name":"wp","href":"https:\/\/api.w.org\/{rel}","templated":true}]}}