{"id":105015,"date":"2023-12-09T01:18:54","date_gmt":"2023-12-09T01:18:54","guid":{"rendered":"https:\/\/primicias2262.com\/noticias\/?p=105015"},"modified":"2023-12-10T16:19:23","modified_gmt":"2023-12-10T16:19:23","slug":"se-inauguro-el-paseo-navideno-de-la-plaza-dardo-rocha","status":"publish","type":"post","link":"https:\/\/primicias2262.com\/noticias\/se-inauguro-el-paseo-navideno-de-la-plaza-dardo-rocha\/","title":{"rendered":"Se inaugur\u00f3 el paseo navide\u00f1o de la Plaza \u00abDardo Rocha\u00bb"},"content":{"rendered":"<p><strong>Durante la noche de este viernes 8 un gran n\u00famero de familias acompa\u00f1aron la iniciativa del municipio para vivir un hermoso momento en comuni\u00f3n y empezar a sentir la Navidad.<\/strong><\/p>\n<p>Con la coordinaci\u00f3n de la Direcci\u00f3n de Cultura y el respaldo de varias \u00e1reas del Ejecutivo Municipal, este viernes 8 de diciembre -D\u00eda de la Inmaculada Concepci\u00f3n de la Virgen Mar\u00eda- se inaugur\u00f3 el paseo navide\u00f1o de la Plaza Dardo Rocha con el encendido del \u00c1rbol de Navidad y el Pesebre. La ceremonia cont\u00f3 con la presencia del intendente Arturo Rojas y un gran n\u00famero de familias que le dieron un marco maravilloso a la noche.<\/p>\n<p>En el inicio, el acto cont\u00f3 con la participaci\u00f3n de la Escuela Municipal de Danzas mediante la actuaci\u00f3n de un grupo de alumnas a cargo de la profesora Patricia Aloe, mientras que al instante cant\u00f3 un par de piezas alusivas a la Navidad el Coro Alta Mira, dirigido por Roberto Goldar.<\/p>\n<p>Seguidamente, el cura Fernando Roca bendijo el pesebre y tras ello se dio lugar a las palabras alusivas, dirigidas por el intendente Rojas; el secretario de Turismo Mat\u00edas Sierra y el director de Cultura Juan Gamba, enfatizando los tres en el concepto del trabajo en equipo.<\/p>\n<p>A su tiempo, el Intendente record\u00f3 que \u201cel primer a\u00f1o no ten\u00edamos tanta gente ni estaba tan lindo el \u00e1rbol, pero a\u00f1o tras a\u00f1o se va superando y hemos logrado conformar un gran equipo\u201d, valorando que \u201cJuan (Gamba) y Enrique (Parisey) son unos genios, son gente de trabajo, innovaci\u00f3n y mucha creatividad, y gran parte de lo que se ve aqu\u00ed lo hacen con materiales reciclados en los talleres y galpones de Cultura\u201d.<\/p>\n<p>En tanto, reflexion\u00f3 que \u201cen este d\u00eda tan especial celebramos la uni\u00f3n y la esperanza, quiero desearles que tengan unas fiestas en paz y no nos olvidemos de la importancia del amor, la solidaridad, la familia y el trabajo en nuestra querida comunidad\u201d, para culminar deseando que \u201cque cada una de las luces del arbolito simbolicen estos valores que tenemos que tener en tiempos dif\u00edciles y desafiantes, pero sin perder la esperanza de tener un distrito cada vez mucho mejor. Es el compromiso que se ha renovado gracias a los vecinos, que podamos trabajar por cuatro a\u00f1os m\u00e1s para lograr todo lo que nos falta en nuestro distrito\u201d.<\/p>\n","protected":false},"excerpt":{"rendered":"<p>Durante la noche de este viernes 8 un gran n\u00famero de familias acompa\u00f1aron la iniciativa del municipio para vivir un hermoso momento en comuni\u00f3n y empezar a sentir la Navidad. Con la coordinaci\u00f3n de la Direcci\u00f3n de Cultura y el respaldo de varias \u00e1reas del Ejecutivo Municipal, este viernes 8 de diciembre -D\u00eda de la [&hellip;]<\/p>\n","protected":false},"author":3,"featured_media":105016,"comment_status":"open","ping_status":"open","sticky":false,"template":"","format":"standard","meta":{"footnotes":""},"categories":[3],"tags":[],"class_list":["post-105015","post","type-post","status-publish","format-standard","has-post-thumbnail","category-masnoticias"],"_links":{"self":[{"href":"https:\/\/primicias2262.com\/noticias\/wp-json\/wp\/v2\/posts\/105015","targetHints":{"allow":["GET"]}}],"collection":[{"href":"https:\/\/primicias2262.com\/noticias\/wp-json\/wp\/v2\/posts"}],"about":[{"href":"https:\/\/primicias2262.com\/noticias\/wp-json\/wp\/v2\/types\/post"}],"author":[{"embeddable":true,"href":"https:\/\/primicias2262.com\/noticias\/wp-json\/wp\/v2\/users\/3"}],"replies":[{"embeddable":true,"href":"https:\/\/primicias2262.com\/noticias\/wp-json\/wp\/v2\/comments?post=105015"}],"version-history":[{"count":1,"href":"https:\/\/primicias2262.com\/noticias\/wp-json\/wp\/v2\/posts\/105015\/revisions"}],"predecessor-version":[{"id":105017,"href":"https:\/\/primicias2262.com\/noticias\/wp-json\/wp\/v2\/posts\/105015\/revisions\/105017"}],"wp:featuredmedia":[{"embeddable":true,"href":"https:\/\/primicias2262.com\/noticias\/wp-json\/wp\/v2\/media\/105016"}],"wp:attachment":[{"href":"https:\/\/primicias2262.com\/noticias\/wp-json\/wp\/v2\/media?parent=105015"}],"wp:term":[{"taxonomy":"category","embeddable":true,"href":"https:\/\/primicias2262.com\/noticias\/wp-json\/wp\/v2\/categories?post=105015"},{"taxonomy":"post_tag","embeddable":true,"href":"https:\/\/primicias2262.com\/noticias\/wp-json\/wp\/v2\/tags?post=105015"}],"curies":[{"name":"wp","href":"https:\/\/api.w.org\/{rel}","templated":true}]}}