{"id":105052,"date":"2023-12-10T22:08:52","date_gmt":"2023-12-10T22:08:52","guid":{"rendered":"https:\/\/primicias2262.com\/noticias\/?p=105052"},"modified":"2023-12-10T22:10:37","modified_gmt":"2023-12-10T22:10:37","slug":"la-oposicion-reacciono-con-cautela-expectativa-o-preocupacion","status":"publish","type":"post","link":"https:\/\/primicias2262.com\/noticias\/la-oposicion-reacciono-con-cautela-expectativa-o-preocupacion\/","title":{"rendered":"La oposici\u00f3n reaccion\u00f3 con cautela, expectativa o preocupaci\u00f3n"},"content":{"rendered":"<p>Diputados y senadores de la oposici\u00f3n mostraron este domingo diferentes posicionamientos frente al discurso de Javier Milei en su asunci\u00f3n como Presidente, entre los que destacaron el hecho de que haya graficado la situaci\u00f3n que encontr\u00f3 el Gobierno y los que cuestionaron que no hablara en el recinto.<\/p>\n<p>La diputada nacional<strong>\u00a0Laura Rodr\u00edguez Machado (PRO-C\u00f3rdoba)\u00a0<\/strong>expres\u00f3 que \u00abel Presidente le habl\u00f3 a la gente y dijo la verdad\u00bb.<\/p>\n<p>\u00abEligi\u00f3 hablarle al pueblo en la calle, decisi\u00f3n que aplaudo. Dicha medida est\u00e1 muy lejos de ser una falta de respeto. La verdadera falta de respeto fue el gesto grosero que Cristina Fern\u00e1ndez de Kirchner, siendo a\u00fan vicepresidente, le hizo a la gente antes de ingresar al Congreso\u00bb, se\u00f1al\u00f3.<\/p>\n<p><strong>Emilio Monz\u00f3, de Cambio Federal<\/strong>, expres\u00f3: \u00abel Presidente tiene a partir de hoy la posibilidad de eliminar la polarizaci\u00f3n improductiva que tuvimos los \u00faltimos 20 a\u00f1os y que tanto da\u00f1o le ha hecho a nuestro pa\u00eds. Espero que la reconstrucci\u00f3n de la Argentina que propone se haga respetando la diversidad de fuerzas que los ciudadanos eligieron para representarlos en el Congreso\u00bb<\/p>\n<p><strong>El titular de la bancada de Uni\u00f3n por la Patria (UxP) en el Senado, Jos\u00e9 Mayans<\/strong>, enfatiz\u00f3: \u00abEsper\u00e1bamos un saludo, sobre todo a las delegaciones que asistieron. Me parece que correspond\u00eda que salude a la Asamblea (Legislativa). Si hay reconocimiento a la representaci\u00f3n que tenemos, empezamos bien, pero pedimos respeto a la representaci\u00f3n que tenemos; de otra forma no puede funcionar el Congreso\u00bb.<\/p>\n<p>\u00abVamos a ver qu\u00e9 medidas enviar\u00e1n al Congreso. Estamos expectantes. Somos primera minor\u00eda\u00bb, asever\u00f3 Mayans.<\/p>\n<p><strong>El socialista Esteban Paul\u00f3n,<\/strong>\u00a0en tanto, marc\u00f3: \u00abIns\u00f3lito, una vez que termin\u00f3 la jura de Milei dieron por finalizada la Asamblea Legislativa. El Presidente se fue a la plaza y por micr\u00f3fono nos pidieron que nos quedemos a escucharlo mientras nos daba la espalda. Dej\u00e1, lo escucho por la radio\u00bb.<\/p>\n<p>Por su parte,\u00a0<strong>la diputada nacional del PO en el FIT-U Romina Del Pl\u00e1<\/strong>\u00a0sostuvo: \u00abMilei dijo que iba a terminar con la casta, pero apuesta a gobernar en base a pactos con los mismos de siempre, no s\u00f3lo con Macri sino tambi\u00e9n con el PJ. El peronismo en el Congreso arranc\u00f3 d\u00e1ndole el aval a la designaci\u00f3n de Mart\u00edn Menem, que viene a llevar adelante el paquete antiobrero de leyes que promueve Milei\u00bb.<\/p>\n<p><strong>La diputada radical Carla Carrizo<\/strong>\u00a0remarc\u00f3: \u00abEl Presidente hablando al pueblo en las escalinatas del Congreso. Puede hacer eso en gran medida porque hace exactamente hoy 40 a\u00f1os Ra\u00fal Alfons\u00edn y muchos pol\u00edticos junto a \u00e9l eligieron construir y sostener el poder civil en el pa\u00eds\u00bb.<\/p>\n<p>\u00abNi en la Asamblea Legislativa ni en las escalinatas (dijo Milei) una sola vez la palabra democracia. La uni\u00f3n del pa\u00eds necesita eso. Todas las palabras y la reconstrucci\u00f3n del respeto. Reci\u00e9n inicia, se espera y necesita m\u00e1s\u00bb, agreg\u00f3.<\/p>\n<p><strong>Maximiliano Ferraro, de la Coalici\u00f3n C\u00edvica,<\/strong>\u00a0coincidi\u00f3: \u00abNo ha sido una buena se\u00f1al que el primer discurso, como mensaje p\u00fablico de significativa relevancia, sea de espaldas al Congreso Nacional, que es donde est\u00e1n representados el pueblo y las provincias. La dimensi\u00f3n simb\u00f3lica, est\u00e9tica y \u00e9tica es tambi\u00e9n la acci\u00f3n pol\u00edtica de un gobernante\u00bb.<\/p>\n<p>\u00abNo cuestiono que el Presidente le hable a sus seguidores en las plaza, pero en este acto inaugural deber\u00edan haber primado los valores y actos republicanos. Dicho esto le deseo lo mejor al Presidente Javier Milei y todo su equipo de gobierno. Hoy se inicia una etapa dif\u00edcil en la que se necesitar\u00e1 de mucha templanza, sensatez y seriedad\u00bb, cerr\u00f3.<\/p>\n<p><strong>El presidente del bloque radical, Rodrigo De Loredo<\/strong>, remarc\u00f3: \u00abLos argentinos tienen hoy una gran esperanza, se va uno de los peores gobiernos de la historia y se abre la oportunidad de dejar atr\u00e1s un modelo que nos llev\u00f3 al atraso. Desde la sensatez vamos a contribuir para que el Gobierno de Javier Milei pueda llevar adelante las reformas necesarias que requiera su gobierno para lograr la tan ansiada estabilidad y recuperaci\u00f3n econ\u00f3mica\u00bb.<\/p>\n<p>\u00abEl discurso presidencial pone sobre la mesa con dureza la realidad argentina y los tiempos aun m\u00e1s dif\u00edciles que se vienen. Seremos prudentes y aguardaremos las medidas concretas y los trazos finos de las pol\u00edticas con las que quiere avanzar el Presidente desde el rol que nos confi\u00f3 la ciudadan\u00eda, que no nos eligi\u00f3 para gobernar pero que s\u00ed espera de nosotros un accionar cooperativo y responsable con el gobierno entrante\u00bb, a\u00f1adi\u00f3.<\/p>\n<p><strong>La mendocina Liliana Paponet, del Frente de Todos<\/strong>, se\u00f1al\u00f3: \u00abComienza un nuevo gobierno y como argentina le deseo lo mejor. Me encontrar\u00e1n defendiendo la democracia y la patria. Darle la espalda al Congreso, que es la expresi\u00f3n de la Argentina federal, no es un buen primer paso para quienes deber\u00e1n gobernar para todos, no para sus fieles\u00bb<\/p>\n<p><strong>Julio Cobos (UCR), vicepresidente segundo de la C\u00e1mara baja<\/strong>, remarc\u00f3: \u00abEn el marco de los 40 a\u00f1os de la democracia, Argentina tiene un nuevo presidente, Javier Milei; y vice, Victoria Villarruel. Les deseo el mayor de los \u00e9xitos en su gesti\u00f3n porque de eso depende la mejora en la vida de millones de ciudadanos. Esperamos en el Congreso de la Naci\u00f3n, los proyectos de leyes que env\u00ede el Poder Ejecutivo. Es fundamental dar gobernabilidad, preservando el bienestar de la gente.<\/p>\n<p>Para\u00a0<strong>Silvia Lospennato, diputada del PRO<\/strong>, \u00abla mejor manera de celebrar 40 a\u00f1os de democracia es con el inicio de un nuevo Gobierno leg\u00edtimo ungido en las urnas por millones de argentinos. Mis mejores deseos para el Presidente Milei y mi compromiso de trabajar desde el Congreso por el progreso de los argentinos\u00bb.<\/p>\n<p><strong>El dirigente del Frente Patria Grande y excandidato presidencial, Juan Grabois<\/strong>, llam\u00f3 este domingo a \u00abrespetar la voluntad mayoritaria del pueblo\u00bb que eligi\u00f3 al presidente\u00a0<strong>Javier Milei<\/strong>, pero para poder \u00abconvivir\u00bb, pidi\u00f3 \u00abrespetar\u00bb tambi\u00e9n a la \u00abenorme cantidad de argentinos\u00bb que eligi\u00f3 otra opci\u00f3n, al cuestionar el primer discurso del libertario como mandatario.<\/p>\n<p>Con un mensaje en su cuenta de la red social X, Grabois analiz\u00f3 que en esta \u00abetapa de profundas diferencias conceptuales\u00bb, que comenz\u00f3 con la asunci\u00f3n de Milei, \u00abpara que podamos convivir, tiene que estar signada por el respeto\u00bb.\u00a0En ese marco, llam\u00f3 entonces a \u00abrespetar al otro\u00bb, pero tambi\u00e9n \u00abhacerse respetar\u00bb.<\/p>\n","protected":false},"excerpt":{"rendered":"<p>Diputados y senadores de la oposici\u00f3n mostraron este domingo diferentes posicionamientos frente al discurso de Javier Milei en su asunci\u00f3n como Presidente, entre los que destacaron el hecho de que haya graficado la situaci\u00f3n que encontr\u00f3 el Gobierno y los que cuestionaron que no hablara en el recinto. La diputada nacional\u00a0Laura Rodr\u00edguez Machado (PRO-C\u00f3rdoba)\u00a0expres\u00f3 que [&hellip;]<\/p>\n","protected":false},"author":3,"featured_media":105053,"comment_status":"open","ping_status":"open","sticky":false,"template":"","format":"standard","meta":{"footnotes":""},"categories":[5],"tags":[],"class_list":{"0":"post-105052","1":"post","2":"type-post","3":"status-publish","4":"format-standard","5":"has-post-thumbnail","7":"category-neco"},"_links":{"self":[{"href":"https:\/\/primicias2262.com\/noticias\/wp-json\/wp\/v2\/posts\/105052","targetHints":{"allow":["GET"]}}],"collection":[{"href":"https:\/\/primicias2262.com\/noticias\/wp-json\/wp\/v2\/posts"}],"about":[{"href":"https:\/\/primicias2262.com\/noticias\/wp-json\/wp\/v2\/types\/post"}],"author":[{"embeddable":true,"href":"https:\/\/primicias2262.com\/noticias\/wp-json\/wp\/v2\/users\/3"}],"replies":[{"embeddable":true,"href":"https:\/\/primicias2262.com\/noticias\/wp-json\/wp\/v2\/comments?post=105052"}],"version-history":[{"count":1,"href":"https:\/\/primicias2262.com\/noticias\/wp-json\/wp\/v2\/posts\/105052\/revisions"}],"predecessor-version":[{"id":105054,"href":"https:\/\/primicias2262.com\/noticias\/wp-json\/wp\/v2\/posts\/105052\/revisions\/105054"}],"wp:featuredmedia":[{"embeddable":true,"href":"https:\/\/primicias2262.com\/noticias\/wp-json\/wp\/v2\/media\/105053"}],"wp:attachment":[{"href":"https:\/\/primicias2262.com\/noticias\/wp-json\/wp\/v2\/media?parent=105052"}],"wp:term":[{"taxonomy":"category","embeddable":true,"href":"https:\/\/primicias2262.com\/noticias\/wp-json\/wp\/v2\/categories?post=105052"},{"taxonomy":"post_tag","embeddable":true,"href":"https:\/\/primicias2262.com\/noticias\/wp-json\/wp\/v2\/tags?post=105052"}],"curies":[{"name":"wp","href":"https:\/\/api.w.org\/{rel}","templated":true}]}}