{"id":105055,"date":"2023-12-10T22:17:13","date_gmt":"2023-12-10T22:17:13","guid":{"rendered":"https:\/\/primicias2262.com\/noticias\/?p=105055"},"modified":"2023-12-11T17:45:32","modified_gmt":"2023-12-11T17:45:32","slug":"con-remeras-banderas-y-disfraces-simpatizantes-de-milei-le-pusieron-color-a-la-asuncion","status":"publish","type":"post","link":"https:\/\/primicias2262.com\/noticias\/con-remeras-banderas-y-disfraces-simpatizantes-de-milei-le-pusieron-color-a-la-asuncion\/","title":{"rendered":"Con remeras, banderas y disfraces, simpatizantes de Milei le pusieron color a la asunci\u00f3n"},"content":{"rendered":"<p>Varias horas antes, envueltos en banderas argentinas y otras amarillas con la insignia de La Libertad Avanza (LLA), ciudadanos procedentes de distintos puntos del pa\u00eds se ubicaron en las inmediaciones del Parlamento, en la Plaza del Congreso de la ciudad de Buenos Aires, en medio del gran operativo de seguridad dispuesto para la ceremonia.<\/p>\n<p>Frente a la gente que agitaba sus banderas en las escalinatas del Congreso, y tras jurar y recibir la banda y el bast\u00f3n de mando, Milei dio un discurso que fue aplaudido por sus simpatizantes que vibraron al grito de \u00ab<strong>libertad<\/strong>\u00ab, mostrando una sinton\u00eda con el l\u00edder libertario.<\/p>\n<p>\u00abHoy comenzamos la reconstrucci\u00f3n de nuestro pa\u00eds\u00bb, anunci\u00f3 el presidente su primer discurso, lo que gener\u00f3 la\u00a0<strong>primera ovaci\u00f3n\u00a0<\/strong>de los participantes.<\/p>\n<p>Y el segundo gran aplauso generalizado lleg\u00f3 cuando el mandatario afirm\u00f3 que \u00abestas elecciones han marcado un punto de quiebre en nuestra historia\u00bb, con un grito de \u00ablibertad\u00bb que se extendi\u00f3 por toda la plaza.<\/p>\n<p><a href=\"https:\/\/primicias2262.com\/noticias\/wp-content\/uploads\/2023\/12\/Simpatizantes-2.jpg\"><img loading=\"lazy\" decoding=\"async\" class=\"aligncenter size-full wp-image-105056\" src=\"https:\/\/primicias2262.com\/noticias\/wp-content\/uploads\/2023\/12\/Simpatizantes-2.jpg\" alt=\"\" width=\"1200\" height=\"675\" srcset=\"https:\/\/primicias2262.com\/noticias\/wp-content\/uploads\/2023\/12\/Simpatizantes-2.jpg 1200w, https:\/\/primicias2262.com\/noticias\/wp-content\/uploads\/2023\/12\/Simpatizantes-2-300x169.jpg 300w, https:\/\/primicias2262.com\/noticias\/wp-content\/uploads\/2023\/12\/Simpatizantes-2-1024x576.jpg 1024w, https:\/\/primicias2262.com\/noticias\/wp-content\/uploads\/2023\/12\/Simpatizantes-2-768x432.jpg 768w, https:\/\/primicias2262.com\/noticias\/wp-content\/uploads\/2023\/12\/Simpatizantes-2-150x84.jpg 150w, https:\/\/primicias2262.com\/noticias\/wp-content\/uploads\/2023\/12\/Simpatizantes-2-696x392.jpg 696w, https:\/\/primicias2262.com\/noticias\/wp-content\/uploads\/2023\/12\/Simpatizantes-2-1068x601.jpg 1068w\" sizes=\"auto, (max-width: 1200px) 100vw, 1200px\" \/><\/a><\/p>\n<p><strong>El momento c\u00falmine del discurso fue al finalizar, cuando el Presidente tuvo un ida y vuelta con los simpatizantes, al gritar: \u00abViva la libertad, carajo\u00bb, una proclama que fue respondida varias veces con un estruendoso \u00ab\u00a1Viva!\u00bb.<\/strong><\/p>\n<p>A la hora de hablar sobre el d\u00e9ficit fiscal y prometer que \u00abel ajuste caer\u00e1 sobre el Estado y no el sector privado\u00bb, la multitud vocifer\u00f3\u00a0<strong>\u00ab\u00a1Motosierra!\u00bb.<\/strong><\/p>\n<p>La gente tambi\u00e9n cant\u00f3 \u00abMilei, querido el pueblo est\u00e1 contigo\u00bb y continu\u00f3 con un \u00abs\u00ed, se puede\u00bb.<\/p>\n<p>Y cuando el mandatario se refiri\u00f3 a la inseguridad, la gente grit\u00f3\u00a0<strong>\u00ab\u00a1Polic\u00eda, polic\u00eda!\u00bb<\/strong>.<\/p>\n<p><strong>Tal fue la sinton\u00eda entre la multitud y Milei que cuando el Presidente se\u00f1al\u00f3 que \u00abno hab\u00eda alternativa posible al ajuste\u00bb, la mayor\u00eda de los presentes aceptaron esta afirmaci\u00f3n al aseverar que \u00abhay que poner shock\u00bb.<\/strong><\/p>\n","protected":false},"excerpt":{"rendered":"<p>Varias horas antes, envueltos en banderas argentinas y otras amarillas con la insignia de La Libertad Avanza (LLA), ciudadanos procedentes de distintos puntos del pa\u00eds se ubicaron en las inmediaciones del Parlamento, en la Plaza del Congreso de la ciudad de Buenos Aires, en medio del gran operativo de seguridad dispuesto para la ceremonia. Frente [&hellip;]<\/p>\n","protected":false},"author":3,"featured_media":105057,"comment_status":"open","ping_status":"open","sticky":false,"template":"","format":"standard","meta":{"footnotes":""},"categories":[3],"tags":[],"class_list":["post-105055","post","type-post","status-publish","format-standard","has-post-thumbnail","category-masnoticias"],"_links":{"self":[{"href":"https:\/\/primicias2262.com\/noticias\/wp-json\/wp\/v2\/posts\/105055","targetHints":{"allow":["GET"]}}],"collection":[{"href":"https:\/\/primicias2262.com\/noticias\/wp-json\/wp\/v2\/posts"}],"about":[{"href":"https:\/\/primicias2262.com\/noticias\/wp-json\/wp\/v2\/types\/post"}],"author":[{"embeddable":true,"href":"https:\/\/primicias2262.com\/noticias\/wp-json\/wp\/v2\/users\/3"}],"replies":[{"embeddable":true,"href":"https:\/\/primicias2262.com\/noticias\/wp-json\/wp\/v2\/comments?post=105055"}],"version-history":[{"count":2,"href":"https:\/\/primicias2262.com\/noticias\/wp-json\/wp\/v2\/posts\/105055\/revisions"}],"predecessor-version":[{"id":105080,"href":"https:\/\/primicias2262.com\/noticias\/wp-json\/wp\/v2\/posts\/105055\/revisions\/105080"}],"wp:featuredmedia":[{"embeddable":true,"href":"https:\/\/primicias2262.com\/noticias\/wp-json\/wp\/v2\/media\/105057"}],"wp:attachment":[{"href":"https:\/\/primicias2262.com\/noticias\/wp-json\/wp\/v2\/media?parent=105055"}],"wp:term":[{"taxonomy":"category","embeddable":true,"href":"https:\/\/primicias2262.com\/noticias\/wp-json\/wp\/v2\/categories?post=105055"},{"taxonomy":"post_tag","embeddable":true,"href":"https:\/\/primicias2262.com\/noticias\/wp-json\/wp\/v2\/tags?post=105055"}],"curies":[{"name":"wp","href":"https:\/\/api.w.org\/{rel}","templated":true}]}}