{"id":105060,"date":"2023-12-11T11:52:24","date_gmt":"2023-12-11T11:52:24","guid":{"rendered":"https:\/\/primicias2262.com\/noticias\/?p=105060"},"modified":"2023-12-12T04:29:42","modified_gmt":"2023-12-12T04:29:42","slug":"gargaglione-asumio-su-quinto-periodo-hay-continuidad-porque-el-pueblo-asi-lo-decidio","status":"publish","type":"post","link":"https:\/\/primicias2262.com\/noticias\/gargaglione-asumio-su-quinto-periodo-hay-continuidad-porque-el-pueblo-asi-lo-decidio\/","title":{"rendered":"Gargaglione asumi\u00f3 su quinto periodo: \u201cHay continuidad porque el pueblo as\u00ed lo decidi\u00f3\u201d"},"content":{"rendered":"<p><strong>En un acto llevado a cabo en el teatro \u201cTulio Cosentino\u201d, Miguel Gargaglione asumi\u00f3 por quinto per\u00edodo consecutivo al frente de la Municipalidad de San Cayetano.<\/strong><\/p>\n<p>En el cuadrag\u00e9simo aniversario de la democracia en nuestro pa\u00eds, se renov\u00f3 el compromiso con la protecci\u00f3n de las libertades y la defensa de los derechos humanos. En ese marco, el propio Gargaglione entreg\u00f3 un presente a Juan Carlos Marlats, primer Intendente Constitucional desde el retorno de la democracia.<\/p>\n<p><a href=\"https:\/\/primicias2262.com\/noticias\/wp-content\/uploads\/2023\/12\/DSC00422.jpg\"><img loading=\"lazy\" decoding=\"async\" class=\"aligncenter size-full wp-image-105062\" src=\"https:\/\/primicias2262.com\/noticias\/wp-content\/uploads\/2023\/12\/DSC00422.jpg\" alt=\"\" width=\"1413\" height=\"2000\" srcset=\"https:\/\/primicias2262.com\/noticias\/wp-content\/uploads\/2023\/12\/DSC00422.jpg 1413w, https:\/\/primicias2262.com\/noticias\/wp-content\/uploads\/2023\/12\/DSC00422-212x300.jpg 212w, https:\/\/primicias2262.com\/noticias\/wp-content\/uploads\/2023\/12\/DSC00422-723x1024.jpg 723w, https:\/\/primicias2262.com\/noticias\/wp-content\/uploads\/2023\/12\/DSC00422-768x1087.jpg 768w, https:\/\/primicias2262.com\/noticias\/wp-content\/uploads\/2023\/12\/DSC00422-1085x1536.jpg 1085w, https:\/\/primicias2262.com\/noticias\/wp-content\/uploads\/2023\/12\/DSC00422-150x212.jpg 150w, https:\/\/primicias2262.com\/noticias\/wp-content\/uploads\/2023\/12\/DSC00422-300x425.jpg 300w, https:\/\/primicias2262.com\/noticias\/wp-content\/uploads\/2023\/12\/DSC00422-696x985.jpg 696w, https:\/\/primicias2262.com\/noticias\/wp-content\/uploads\/2023\/12\/DSC00422-1068x1512.jpg 1068w\" sizes=\"auto, (max-width: 1413px) 100vw, 1413px\" \/><\/a>Luego del correspondiente juramento, y recibir de manos de la presidente del HCD Ana Paula Mancino, la llave simb\u00f3lica del despacho (acto instituido en el a\u00f1o 1987 como continuidad del proceso democr\u00e1tico) el Intendente Gargaglione envi\u00f3 un mensaje a la comunidad.<\/p>\n<p><strong>All\u00ed, el Intendente se\u00f1al\u00f3<\/strong><\/p>\n<p>\u201cQuiero hacer un agradecimiento muy especial a los funcionarios que han dejado de pertenecer al equipo de gobierno, y tambi\u00e9n a aquellos que aceptaron ser parte involucr\u00e1ndose en pol\u00edtica en momentos tan complejos.<\/p>\n<p>C\u00f3mo no empezar este discurso expresando mi absoluta gratitud al pueblo que me ha dado este gran reconocimiento al elegirme para un quinto mandato consecutivo como Intendente de este Distrito. En un a\u00f1o dif\u00edcil por la situaci\u00f3n socio-econ\u00f3mica nacional y en medio de una campa\u00f1a electoral larga en todos los niveles, mucho se debati\u00f3 sobre continuidad o cambio.<\/p>\n<p><a href=\"https:\/\/primicias2262.com\/noticias\/wp-content\/uploads\/2023\/12\/DSC00413.jpg\"><img loading=\"lazy\" decoding=\"async\" class=\"aligncenter size-full wp-image-105061\" src=\"https:\/\/primicias2262.com\/noticias\/wp-content\/uploads\/2023\/12\/DSC00413.jpg\" alt=\"\" width=\"2000\" height=\"1569\" srcset=\"https:\/\/primicias2262.com\/noticias\/wp-content\/uploads\/2023\/12\/DSC00413.jpg 2000w, https:\/\/primicias2262.com\/noticias\/wp-content\/uploads\/2023\/12\/DSC00413-300x235.jpg 300w, https:\/\/primicias2262.com\/noticias\/wp-content\/uploads\/2023\/12\/DSC00413-1024x803.jpg 1024w, https:\/\/primicias2262.com\/noticias\/wp-content\/uploads\/2023\/12\/DSC00413-768x602.jpg 768w, https:\/\/primicias2262.com\/noticias\/wp-content\/uploads\/2023\/12\/DSC00413-1536x1205.jpg 1536w, https:\/\/primicias2262.com\/noticias\/wp-content\/uploads\/2023\/12\/DSC00413-150x118.jpg 150w, https:\/\/primicias2262.com\/noticias\/wp-content\/uploads\/2023\/12\/DSC00413-696x546.jpg 696w, https:\/\/primicias2262.com\/noticias\/wp-content\/uploads\/2023\/12\/DSC00413-1068x838.jpg 1068w, https:\/\/primicias2262.com\/noticias\/wp-content\/uploads\/2023\/12\/DSC00413-1920x1506.jpg 1920w\" sizes=\"auto, (max-width: 2000px) 100vw, 2000px\" \/><\/a>Al cumplirse el 40 aniversario de la recuperaci\u00f3n de la democracia y en uso y disfrute de la misma, les dejo esta primera reflexi\u00f3n: el testimonio de las urnas determin\u00f3 que a nivel local \u201chay continuidad porque el pueblo de San Cayetano as\u00ed lo decidi\u00f3 por medio de su voto\u201d.<\/p>\n<p>Mucho se siente el peso de una gran responsabilidad ante aquellos que votaron nuestro proyecto pol\u00edtico y sobre todo ante aquellos que no nos eligieron.<\/p>\n<p>En la g\u00e9nesis de nuestra esencia e identidad, siempre hemos trabajado para toda la poblaci\u00f3n, sin ninguna distinci\u00f3n, y ese es nuestro precepto fundamental. Lo antes dicho, no es solo una consigna pol\u00edtica, sino que es un sentimiento basado en un concepto ideol\u00f3gico propio.<\/p>\n<p><a href=\"https:\/\/primicias2262.com\/noticias\/wp-content\/uploads\/2023\/12\/DSC00485.jpg\"><img loading=\"lazy\" decoding=\"async\" class=\"aligncenter size-full wp-image-105065\" src=\"https:\/\/primicias2262.com\/noticias\/wp-content\/uploads\/2023\/12\/DSC00485.jpg\" alt=\"\" width=\"2000\" height=\"1333\" srcset=\"https:\/\/primicias2262.com\/noticias\/wp-content\/uploads\/2023\/12\/DSC00485.jpg 2000w, https:\/\/primicias2262.com\/noticias\/wp-content\/uploads\/2023\/12\/DSC00485-300x200.jpg 300w, https:\/\/primicias2262.com\/noticias\/wp-content\/uploads\/2023\/12\/DSC00485-1024x682.jpg 1024w, https:\/\/primicias2262.com\/noticias\/wp-content\/uploads\/2023\/12\/DSC00485-768x512.jpg 768w, https:\/\/primicias2262.com\/noticias\/wp-content\/uploads\/2023\/12\/DSC00485-1536x1024.jpg 1536w, https:\/\/primicias2262.com\/noticias\/wp-content\/uploads\/2023\/12\/DSC00485-150x100.jpg 150w, https:\/\/primicias2262.com\/noticias\/wp-content\/uploads\/2023\/12\/DSC00485-696x464.jpg 696w, https:\/\/primicias2262.com\/noticias\/wp-content\/uploads\/2023\/12\/DSC00485-1068x712.jpg 1068w, https:\/\/primicias2262.com\/noticias\/wp-content\/uploads\/2023\/12\/DSC00485-1920x1280.jpg 1920w\" sizes=\"auto, (max-width: 2000px) 100vw, 2000px\" \/><\/a>Hoy m\u00e1s que nunca, la sociedad toda, el mundo y la realidad actual nos convocan a seguir trabajando por el bienestar de nuestros vecinos, continuando con la transformaci\u00f3n que ya est\u00e1 en marcha.<\/p>\n<p>Agradezco a cada sancayetanense por ser parte de este proceso y este progreso, que es el fruto del esfuerzo conjunto y colectivo, cuyo objetivo com\u00fan es lograr como rostro de nuestro Distrito, \u201cel lugar donde queremos vivir\u201d.<\/p>\n<p>Dentro de esta uni\u00f3n somos consientes del rol del Municipio y sus responsabilidades, logrando un Estado ejemplificador, transparente, eficaz y eficiente, que garantice mejorar d\u00eda a d\u00eda la calidad de vida de quienes habitamos este bendito suelo.<\/p>\n<p><strong>Lo mencionado implica:<\/strong><\/p>\n<p>Tener equilibrio fiscal como tambi\u00e9n seguir encabezando en la Pcia. de Bs. As. la transparencia fiscal Municipal con una visibilidad del 100%.<\/p>\n<p>Promover el deporte, la cultura y la educaci\u00f3n.<\/p>\n<p>Acompa\u00f1ar a cada familia en situaci\u00f3n de vulnerabilidad.<\/p>\n<p>Garantizar una salud p\u00fablica de calidad.<\/p>\n<p>Continuar la obra p\u00fablica para la cobertura de servicios b\u00e1sicos y esenciales, como tambi\u00e9n el acceso a una vivienda digna.<\/p>\n<p>Garantizar la seguridad en un trabajo en conjunto con la Pcia. de Bs. As.<\/p>\n<p>Promover el turismo como uno de los ejes del desarrollo local.<\/p>\n<p>Potenciar nuestra Villa Balnearia.<\/p>\n<p>Asegurar el buen estado de los caminos rurales para nuestra producci\u00f3n primaria como para el acceso a las distintas escuelas a lo largo y ancho del Partido.<\/p>\n<p>Promover el cambio de matriz productiva.<\/p>\n<p>Cuidar nuestro medio ambiente.<\/p>\n<p>Cuidar y mejorar nuestros espacios p\u00fablicos.<\/p>\n<p>Cumplir con todos y cada uno de los servicios que el estado municipal deba realizar.<\/p>\n<p>Seguir fortaleciendo las instituciones y su rol dentro de la comunidad.<\/p>\n<p>Cumpliremos con todo lo enumerado si cuidamos y trabajamos codo a codo con el principal activo que tiene el Municipio: su recurso humano.<\/p>\n<p>No somos una gran metr\u00f3poli ni la capital de una provincia, somos una ciudad de las denominadas chicas, y hoy juro mi compromiso para que San Cayetano siga siendo de las mejores ciudades de ese rango, como tambi\u00e9n la sana envidia por parte de quienes nos visitan de otros lugares.<\/p>\n<p>No hay satisfacci\u00f3n m\u00e1s grande para este Intendente que trabajar por y para los dem\u00e1s, entregarse al otro, resolver los problemas que surjan, pero tambi\u00e9n aprender a convivir en el dif\u00edcil equilibrio para que lo urgente no tape lo importante.<\/p>\n<p>Lo importante define el futuro que es ac\u00e1 y ahora, el que ya comenz\u00f3 y no lo logra un intendente iluminado ni un gobierno circunstancial, lo hacemos en silencio, con pasos firmes y una vez m\u00e1s, \u201ces entre todos\u201d.<\/p>\n<p>En este sentido invito desde aqu\u00ed a las fuerzas pol\u00edticas que contin\u00faan o que hoy asumen con las responsabilidades que les dio el pueblo, a pensar en grande y sin mezquindades. Que la sustancia siga siendo trabajar para los que vienen y que la sombra reparadora del \u00e1rbol que hoy plantamos no importe que muchos de nosotros no la disfrutemos.<\/p>\n<p>En el 40 aniversario de la vuelta a la democracia, iniciamos otro nuevo desaf\u00edo, que crece sobre bases firmes, para seguir consolid\u00e1ndonos como comunidad, donde la m\u00edstica fue, es y seguir\u00e1 siendo sentirnos cada d\u00eda m\u00e1s orgullosos de ser sancayetanenses\u201d.<\/p>\n<p><strong>JURA DE FUNCIONARIOS<\/strong><\/p>\n<p>Seguidamente el Jefe Comunal tom\u00f3 juramento a la Secretaria de Gobierno y Hacienda, Melisa Eriksen; la Secretaria de Salud, Daniela Skaarup y al Secretario T\u00e9cnico, Maximiliano Ju\u00e1rez. Luego se dio a conocer la totalidad de los funcionarios que conforman el gabinete de gobierno.<\/p>\n<p><a href=\"https:\/\/primicias2262.com\/noticias\/wp-content\/uploads\/2023\/12\/DSC00430.jpg\"><img loading=\"lazy\" decoding=\"async\" class=\"aligncenter size-full wp-image-105063\" src=\"https:\/\/primicias2262.com\/noticias\/wp-content\/uploads\/2023\/12\/DSC00430.jpg\" alt=\"\" width=\"1429\" height=\"2000\" srcset=\"https:\/\/primicias2262.com\/noticias\/wp-content\/uploads\/2023\/12\/DSC00430.jpg 1429w, https:\/\/primicias2262.com\/noticias\/wp-content\/uploads\/2023\/12\/DSC00430-214x300.jpg 214w, https:\/\/primicias2262.com\/noticias\/wp-content\/uploads\/2023\/12\/DSC00430-732x1024.jpg 732w, https:\/\/primicias2262.com\/noticias\/wp-content\/uploads\/2023\/12\/DSC00430-768x1075.jpg 768w, https:\/\/primicias2262.com\/noticias\/wp-content\/uploads\/2023\/12\/DSC00430-1097x1536.jpg 1097w, https:\/\/primicias2262.com\/noticias\/wp-content\/uploads\/2023\/12\/DSC00430-150x210.jpg 150w, https:\/\/primicias2262.com\/noticias\/wp-content\/uploads\/2023\/12\/DSC00430-300x420.jpg 300w, https:\/\/primicias2262.com\/noticias\/wp-content\/uploads\/2023\/12\/DSC00430-696x974.jpg 696w, https:\/\/primicias2262.com\/noticias\/wp-content\/uploads\/2023\/12\/DSC00430-1068x1495.jpg 1068w\" sizes=\"auto, (max-width: 1429px) 100vw, 1429px\" \/><\/a><a href=\"https:\/\/primicias2262.com\/noticias\/wp-content\/uploads\/2023\/12\/DSC00457.jpg\"><img loading=\"lazy\" decoding=\"async\" class=\"aligncenter size-full wp-image-105064\" src=\"https:\/\/primicias2262.com\/noticias\/wp-content\/uploads\/2023\/12\/DSC00457.jpg\" alt=\"\" width=\"1419\" height=\"2000\" srcset=\"https:\/\/primicias2262.com\/noticias\/wp-content\/uploads\/2023\/12\/DSC00457.jpg 1419w, https:\/\/primicias2262.com\/noticias\/wp-content\/uploads\/2023\/12\/DSC00457-213x300.jpg 213w, https:\/\/primicias2262.com\/noticias\/wp-content\/uploads\/2023\/12\/DSC00457-727x1024.jpg 727w, https:\/\/primicias2262.com\/noticias\/wp-content\/uploads\/2023\/12\/DSC00457-768x1082.jpg 768w, https:\/\/primicias2262.com\/noticias\/wp-content\/uploads\/2023\/12\/DSC00457-1090x1536.jpg 1090w, https:\/\/primicias2262.com\/noticias\/wp-content\/uploads\/2023\/12\/DSC00457-150x211.jpg 150w, https:\/\/primicias2262.com\/noticias\/wp-content\/uploads\/2023\/12\/DSC00457-300x423.jpg 300w, https:\/\/primicias2262.com\/noticias\/wp-content\/uploads\/2023\/12\/DSC00457-696x981.jpg 696w, https:\/\/primicias2262.com\/noticias\/wp-content\/uploads\/2023\/12\/DSC00457-1068x1505.jpg 1068w\" sizes=\"auto, (max-width: 1419px) 100vw, 1419px\" \/><\/a><\/p>\n","protected":false},"excerpt":{"rendered":"<p>En un acto llevado a cabo en el teatro \u201cTulio Cosentino\u201d, Miguel Gargaglione asumi\u00f3 por quinto per\u00edodo consecutivo al frente de la Municipalidad de San Cayetano. En el cuadrag\u00e9simo aniversario de la democracia en nuestro pa\u00eds, se renov\u00f3 el compromiso con la protecci\u00f3n de las libertades y la defensa de los derechos humanos. En ese [&hellip;]<\/p>\n","protected":false},"author":3,"featured_media":105066,"comment_status":"open","ping_status":"open","sticky":false,"template":"","format":"standard","meta":{"footnotes":""},"categories":[3],"tags":[],"class_list":["post-105060","post","type-post","status-publish","format-standard","has-post-thumbnail","category-masnoticias"],"_links":{"self":[{"href":"https:\/\/primicias2262.com\/noticias\/wp-json\/wp\/v2\/posts\/105060","targetHints":{"allow":["GET"]}}],"collection":[{"href":"https:\/\/primicias2262.com\/noticias\/wp-json\/wp\/v2\/posts"}],"about":[{"href":"https:\/\/primicias2262.com\/noticias\/wp-json\/wp\/v2\/types\/post"}],"author":[{"embeddable":true,"href":"https:\/\/primicias2262.com\/noticias\/wp-json\/wp\/v2\/users\/3"}],"replies":[{"embeddable":true,"href":"https:\/\/primicias2262.com\/noticias\/wp-json\/wp\/v2\/comments?post=105060"}],"version-history":[{"count":2,"href":"https:\/\/primicias2262.com\/noticias\/wp-json\/wp\/v2\/posts\/105060\/revisions"}],"predecessor-version":[{"id":105096,"href":"https:\/\/primicias2262.com\/noticias\/wp-json\/wp\/v2\/posts\/105060\/revisions\/105096"}],"wp:featuredmedia":[{"embeddable":true,"href":"https:\/\/primicias2262.com\/noticias\/wp-json\/wp\/v2\/media\/105066"}],"wp:attachment":[{"href":"https:\/\/primicias2262.com\/noticias\/wp-json\/wp\/v2\/media?parent=105060"}],"wp:term":[{"taxonomy":"category","embeddable":true,"href":"https:\/\/primicias2262.com\/noticias\/wp-json\/wp\/v2\/categories?post=105060"},{"taxonomy":"post_tag","embeddable":true,"href":"https:\/\/primicias2262.com\/noticias\/wp-json\/wp\/v2\/tags?post=105060"}],"curies":[{"name":"wp","href":"https:\/\/api.w.org\/{rel}","templated":true}]}}