{"id":105069,"date":"2023-12-11T12:30:02","date_gmt":"2023-12-11T12:30:02","guid":{"rendered":"https:\/\/primicias2262.com\/noticias\/?p=105069"},"modified":"2023-12-11T12:30:02","modified_gmt":"2023-12-11T12:30:02","slug":"en-la-villa-balnearia-se-retomara-el-estacionamiento-medido-pero-de-11-a-23","status":"publish","type":"post","link":"https:\/\/primicias2262.com\/noticias\/en-la-villa-balnearia-se-retomara-el-estacionamiento-medido-pero-de-11-a-23\/","title":{"rendered":"En la villa balnearia se retomar\u00e1 el estacionamiento medido, pero de 11 a 23"},"content":{"rendered":"<p><strong>El SEM no tendr\u00e1 cambio alguno para el sector c\u00e9ntrico de Necochea. Entrar\u00e1 a regir en la villa balnearia local desde el pr\u00f3ximo viernes 15 de diciembre, con vigencia hasta el jueves 29 de febrero de 2024, pero con el cambio de horario que de aqu\u00ed en m\u00e1s ser\u00e1 en todos los d\u00edas de ese lapso de 11 a 23. Lo aprob\u00f3 el Concejo Deliberante por unanimidad y sin consideraciones en la \u00faltima sesi\u00f3n ordinaria<\/strong><\/p>\n<p><strong>Por Jorge G\u00f3mez<\/strong><\/p>\n<p>El Concejo Deliberante autoriz\u00f3 el cambio de horario en la inminente vigencia del Servicio de Estacionamiento Medido (SEM), en la villa balnearia de Necochea, el que entrar\u00e1 en vigencia el venidero viernes 15 de diciembre y que se extender\u00e1 hasta el jueves 29 de febrero de 2024.<\/p>\n<p>Lo hizo al aprobar por unanimidad y sin consideraciones un proyecto de ordenanza puesto a consideraci\u00f3n por el Departamento Ejecutivo por el cual se modific\u00f3 la \u201cnorma madre\u201d del SEM que data del ejercicio 2016.<\/p>\n<p>El texto en cuesti\u00f3n fija la vigencia del servicio en la zona c\u00e9ntrica sin cambio alguno -de 9 a 21, de lunes a viernes, y de 9 a 13 los s\u00e1bados-, pero con la novedad de que la zona playa se lo modific\u00f3, teniendo vigencia de aqu\u00ed en m\u00e1s de 11 a 23, todos los d\u00edas en el lapso que va del 15 de diciembre al \u00faltimo d\u00eda de febrero del a\u00f1o siguiente.<\/p>\n<p>La ordenanza sancionada por el HCD es la siguiente:<\/p>\n<p>VISTO:<\/p>\n<p>La necesidad de implementar modificaciones en el Sistema de Estacionamiento Medido en nuestra ciudad y<\/p>\n<p>CONSIDERANDO:<\/p>\n<p>Que durante la temporada de verano se reciben numerosas inquietudes por parte de los usuarios del SEM en la villa balnearia;<\/p>\n<p>Que las manifestaciones m\u00e1s comunes est\u00e1n relacionadas con que el sistema se pone en marcha a las 9.00 de la ma\u00f1ana, horario en el que la mayor\u00eda de los visitantes se encuentran descansando;<\/p>\n<p>Que desde la finalizaci\u00f3n de cada jornada de playa y en el comienzo de la noche se produce un importante recambio vehicular;<\/p>\n<p>Que es necesario equiparar la situaci\u00f3n de cada usuario en el \u00e1rea de influencia del servicio en la villa balnearia;<\/p>\n<p>Por todo ello, el INTENDENTE MUNICIPAL en uso de sus leg\u00edtimas atribuciones, eleva para su consideraci\u00f3n el siguiente proyecto de:<\/p>\n<p>ORDENANZA<\/p>\n<p>ARTICULO 1\u00b0: Modif\u00edquese el Art\u00edculo 6\u00b0 de la Ordenanza 8951\/16, el que quedar\u00e1 redactado de la siguiente manera: \u201cSe establece la implementaci\u00f3n del Sistema de Estacionamiento Medido durante los siguientes d\u00edas y horarios:<\/p>\n<ul>\n<li>Zona Centro: durante todo el a\u00f1o de lunes a viernes de 9 a 21 y los s\u00e1bados de 9 a 13, excepto domingos, feriados y asuetos municipales.<\/li>\n<li>Zona Playa: desde el 15 de diciembre y hasta el \u00faltimo d\u00eda de febrero del a\u00f1o siguiente, de lunes a lunes en el horario de 11 a 23.<\/li>\n<\/ul>\n<p>ARTICULO 2\u00b0: De forma.<\/p>\n","protected":false},"excerpt":{"rendered":"<p>El SEM no tendr\u00e1 cambio alguno para el sector c\u00e9ntrico de Necochea. Entrar\u00e1 a regir en la villa balnearia local desde el pr\u00f3ximo viernes 15 de diciembre, con vigencia hasta el jueves 29 de febrero de 2024, pero con el cambio de horario que de aqu\u00ed en m\u00e1s ser\u00e1 en todos los d\u00edas de ese [&hellip;]<\/p>\n","protected":false},"author":3,"featured_media":105070,"comment_status":"open","ping_status":"open","sticky":false,"template":"","format":"standard","meta":{"footnotes":""},"categories":[6],"tags":[],"class_list":{"0":"post-105069","1":"post","2":"type-post","3":"status-publish","4":"format-standard","5":"has-post-thumbnail","7":"category-portada2"},"_links":{"self":[{"href":"https:\/\/primicias2262.com\/noticias\/wp-json\/wp\/v2\/posts\/105069","targetHints":{"allow":["GET"]}}],"collection":[{"href":"https:\/\/primicias2262.com\/noticias\/wp-json\/wp\/v2\/posts"}],"about":[{"href":"https:\/\/primicias2262.com\/noticias\/wp-json\/wp\/v2\/types\/post"}],"author":[{"embeddable":true,"href":"https:\/\/primicias2262.com\/noticias\/wp-json\/wp\/v2\/users\/3"}],"replies":[{"embeddable":true,"href":"https:\/\/primicias2262.com\/noticias\/wp-json\/wp\/v2\/comments?post=105069"}],"version-history":[{"count":1,"href":"https:\/\/primicias2262.com\/noticias\/wp-json\/wp\/v2\/posts\/105069\/revisions"}],"predecessor-version":[{"id":105071,"href":"https:\/\/primicias2262.com\/noticias\/wp-json\/wp\/v2\/posts\/105069\/revisions\/105071"}],"wp:featuredmedia":[{"embeddable":true,"href":"https:\/\/primicias2262.com\/noticias\/wp-json\/wp\/v2\/media\/105070"}],"wp:attachment":[{"href":"https:\/\/primicias2262.com\/noticias\/wp-json\/wp\/v2\/media?parent=105069"}],"wp:term":[{"taxonomy":"category","embeddable":true,"href":"https:\/\/primicias2262.com\/noticias\/wp-json\/wp\/v2\/categories?post=105069"},{"taxonomy":"post_tag","embeddable":true,"href":"https:\/\/primicias2262.com\/noticias\/wp-json\/wp\/v2\/tags?post=105069"}],"curies":[{"name":"wp","href":"https:\/\/api.w.org\/{rel}","templated":true}]}}