{"id":105141,"date":"2023-12-15T17:35:29","date_gmt":"2023-12-15T17:35:29","guid":{"rendered":"https:\/\/primicias2262.com\/noticias\/?p=105141"},"modified":"2023-12-15T17:35:29","modified_gmt":"2023-12-15T17:35:29","slug":"continuan-abiertas-las-inscripciones-a-los-profesorados-del-instituto-no-163","status":"publish","type":"post","link":"https:\/\/primicias2262.com\/noticias\/continuan-abiertas-las-inscripciones-a-los-profesorados-del-instituto-no-163\/","title":{"rendered":"Contin\u00faan abiertas las inscripciones a los profesorados del Instituto N\u00ba 163"},"content":{"rendered":"<p><strong>El director del Instituto Superior de Formaci\u00f3n Docente N\u00ba 163 de la Escuela Normal Superior \u201cJos\u00e9 Manuel Estrada\u201d, Ariel Gamboa, inform\u00f3 que se encuentran abiertas las inscripciones para las carreras docentes gratuitas de 2024 hasta el 29 de diciembre, y luego seguir\u00e1n en febrero.<\/strong><\/p>\n<p>Ante la consulta del periodista Jorge G\u00f3mez en \u201cVoces de la Ciudad\u201d, el directivo se\u00f1al\u00f3 que \u201ccontin\u00faan abiertas las inscripciones para estudiar las carreras del nivel superior que tenemos en el instituto, hasta el 29 de diciembre estaremos anotando y van a continuar a partir de febrero hasta alrededor del 15 de marzo\u201d.<\/p>\n<p>Acerca de la oferta acad\u00e9mica del Instituto, consta de seis Profesorados destinados a la ense\u00f1anza en el nivel secundario: Matem\u00e1ticas, Historia, Ingl\u00e9s, Lengua y Literatura, Biolog\u00eda y Geograf\u00eda, poseen una duraci\u00f3n de cuatro a\u00f1os y las cursadas presenciales son a partir de las 18 hasta las 22, en el edificio hist\u00f3rico del Colegio Nacional, en calle 57 N\u00ba 2646.<\/p>\n<p>Gamboa resalt\u00f3 que \u201clas carreras son todas gratuitas, forman parte del sistema p\u00fablico, el t\u00edtulo otorgado es el de profesor para el nivel secundario y tiene salida laboral inmediata. La mayor\u00eda de los estudiantes durante el transcurso de la carrera ya empiezan a trabajar por la necesidad de profesores que hay en el distrito y la regi\u00f3n\u201d.<\/p>\n<p>En cuanto a las inscripciones, inform\u00f3 que \u201clas estamos realizando desde las 18 a las 21 en el instituto y tenemos para consultas el correo ensjoseestrada@gmail.com , o la l\u00ednea telef\u00f3nica 42-2113\u201d, aunque respecto a esto aclar\u00f3 que \u201ces el tel\u00e9fono de la instituci\u00f3n, la cual tiene varios niveles: a la ma\u00f1ana funciona el secundario, durante la tarde la escuela primaria y durante el turno noche el instituto, por eso los interesados en llamar a ese tel\u00e9fono para averiguar sobre las carreras tienen que hacerlo a partir de las 18\u201d.<\/p>\n<p>El Instituto Superior de Formaci\u00f3n Docente N\u00ba 163 funciona en la ciudad desde 1990 y para conocer m\u00e1s del mismo y obtener m\u00e1s informaci\u00f3n en vistas a los profesorados est\u00e1 disponible el sitio oficial isfd163-bue.infd.edu.ar\/sitio\/el-instituto .<\/p>\n","protected":false},"excerpt":{"rendered":"<p>El director del Instituto Superior de Formaci\u00f3n Docente N\u00ba 163 de la Escuela Normal Superior \u201cJos\u00e9 Manuel Estrada\u201d, Ariel Gamboa, inform\u00f3 que se encuentran abiertas las inscripciones para las carreras docentes gratuitas de 2024 hasta el 29 de diciembre, y luego seguir\u00e1n en febrero. Ante la consulta del periodista Jorge G\u00f3mez en \u201cVoces de la [&hellip;]<\/p>\n","protected":false},"author":3,"featured_media":105142,"comment_status":"open","ping_status":"open","sticky":false,"template":"","format":"standard","meta":{"footnotes":""},"categories":[5],"tags":[],"class_list":{"0":"post-105141","1":"post","2":"type-post","3":"status-publish","4":"format-standard","5":"has-post-thumbnail","7":"category-neco"},"_links":{"self":[{"href":"https:\/\/primicias2262.com\/noticias\/wp-json\/wp\/v2\/posts\/105141","targetHints":{"allow":["GET"]}}],"collection":[{"href":"https:\/\/primicias2262.com\/noticias\/wp-json\/wp\/v2\/posts"}],"about":[{"href":"https:\/\/primicias2262.com\/noticias\/wp-json\/wp\/v2\/types\/post"}],"author":[{"embeddable":true,"href":"https:\/\/primicias2262.com\/noticias\/wp-json\/wp\/v2\/users\/3"}],"replies":[{"embeddable":true,"href":"https:\/\/primicias2262.com\/noticias\/wp-json\/wp\/v2\/comments?post=105141"}],"version-history":[{"count":1,"href":"https:\/\/primicias2262.com\/noticias\/wp-json\/wp\/v2\/posts\/105141\/revisions"}],"predecessor-version":[{"id":105143,"href":"https:\/\/primicias2262.com\/noticias\/wp-json\/wp\/v2\/posts\/105141\/revisions\/105143"}],"wp:featuredmedia":[{"embeddable":true,"href":"https:\/\/primicias2262.com\/noticias\/wp-json\/wp\/v2\/media\/105142"}],"wp:attachment":[{"href":"https:\/\/primicias2262.com\/noticias\/wp-json\/wp\/v2\/media?parent=105141"}],"wp:term":[{"taxonomy":"category","embeddable":true,"href":"https:\/\/primicias2262.com\/noticias\/wp-json\/wp\/v2\/categories?post=105141"},{"taxonomy":"post_tag","embeddable":true,"href":"https:\/\/primicias2262.com\/noticias\/wp-json\/wp\/v2\/tags?post=105141"}],"curies":[{"name":"wp","href":"https:\/\/api.w.org\/{rel}","templated":true}]}}