{"id":105260,"date":"2023-12-22T10:31:25","date_gmt":"2023-12-22T10:31:25","guid":{"rendered":"https:\/\/primicias2262.com\/noticias\/?p=105260"},"modified":"2023-12-22T17:31:49","modified_gmt":"2023-12-22T17:31:49","slug":"se-anuncian-modificaciones-en-la-recoleccion-de-residuos-domiciliaria-durante-las-fiestas","status":"publish","type":"post","link":"https:\/\/primicias2262.com\/noticias\/se-anuncian-modificaciones-en-la-recoleccion-de-residuos-domiciliaria-durante-las-fiestas\/","title":{"rendered":"Se anuncian modificaciones en la recolecci\u00f3n de residuos domiciliaria durante las fiestas"},"content":{"rendered":"<div class=\"wp-block-media-text__content\">\n<p><strong>El servicio que se brinda de forma diurna y nocturna se modificar\u00e1 por Navidad y A\u00f1o Nuevo.<\/strong><\/p>\n<p>La Municipalidad de Necochea informa que el servicio de recolecci\u00f3n de residuos domiciliaria diurna y nocturna tendr\u00e1 modificaciones de d\u00edas por el periodo de fiestas, tanto para Navidad como A\u00f1o Nuevo.<\/p>\n<p><strong>-Servicio nocturno:<\/strong> los domingos 24 y 31 de diciembre no habr\u00e1 servicio, traslad\u00e1ndose el mismo a los s\u00e1bados 23 y 30.<\/p>\n<p><strong>-Servicio diurno:<\/strong> los lunes 25 de diciembre y 1\u00ba de enero no habr\u00e1 servicio, cubri\u00e9ndose el mismo los domingos 24 y 31.<\/p>\n<p><strong>-Frecuencia 3<\/strong> (lunes, mi\u00e9rcoles y viernes), el servicio del lunes 25 de diciembre y del lunes 1\u00ba de enero se traslada al domingo 24 y 31 de diciembre.<a href=\"https:\/\/primicias2262.com\/noticias\/wp-content\/uploads\/2023\/12\/PLACA-Recoleccion-fiestas.jpeg\"><img loading=\"lazy\" decoding=\"async\" class=\"aligncenter size-full wp-image-105261\" src=\"https:\/\/primicias2262.com\/noticias\/wp-content\/uploads\/2023\/12\/PLACA-Recoleccion-fiestas.jpeg\" alt=\"\" width=\"1280\" height=\"1600\" srcset=\"https:\/\/primicias2262.com\/noticias\/wp-content\/uploads\/2023\/12\/PLACA-Recoleccion-fiestas.jpeg 1280w, https:\/\/primicias2262.com\/noticias\/wp-content\/uploads\/2023\/12\/PLACA-Recoleccion-fiestas-240x300.jpeg 240w, https:\/\/primicias2262.com\/noticias\/wp-content\/uploads\/2023\/12\/PLACA-Recoleccion-fiestas-819x1024.jpeg 819w, https:\/\/primicias2262.com\/noticias\/wp-content\/uploads\/2023\/12\/PLACA-Recoleccion-fiestas-768x960.jpeg 768w, https:\/\/primicias2262.com\/noticias\/wp-content\/uploads\/2023\/12\/PLACA-Recoleccion-fiestas-1229x1536.jpeg 1229w, https:\/\/primicias2262.com\/noticias\/wp-content\/uploads\/2023\/12\/PLACA-Recoleccion-fiestas-150x188.jpeg 150w, https:\/\/primicias2262.com\/noticias\/wp-content\/uploads\/2023\/12\/PLACA-Recoleccion-fiestas-300x375.jpeg 300w, https:\/\/primicias2262.com\/noticias\/wp-content\/uploads\/2023\/12\/PLACA-Recoleccion-fiestas-696x870.jpeg 696w, https:\/\/primicias2262.com\/noticias\/wp-content\/uploads\/2023\/12\/PLACA-Recoleccion-fiestas-1068x1335.jpeg 1068w\" sizes=\"auto, (max-width: 1280px) 100vw, 1280px\" \/><\/a><\/p>\n<\/div>\n","protected":false},"excerpt":{"rendered":"<p>El servicio que se brinda de forma diurna y nocturna se modificar\u00e1 por Navidad y A\u00f1o Nuevo. La Municipalidad de Necochea informa que el servicio de recolecci\u00f3n de residuos domiciliaria diurna y nocturna tendr\u00e1 modificaciones de d\u00edas por el periodo de fiestas, tanto para Navidad como A\u00f1o Nuevo. -Servicio nocturno: los domingos 24 y 31 [&hellip;]<\/p>\n","protected":false},"author":3,"featured_media":102989,"comment_status":"open","ping_status":"open","sticky":false,"template":"","format":"standard","meta":{"footnotes":""},"categories":[5],"tags":[],"class_list":{"0":"post-105260","1":"post","2":"type-post","3":"status-publish","4":"format-standard","5":"has-post-thumbnail","7":"category-neco"},"_links":{"self":[{"href":"https:\/\/primicias2262.com\/noticias\/wp-json\/wp\/v2\/posts\/105260","targetHints":{"allow":["GET"]}}],"collection":[{"href":"https:\/\/primicias2262.com\/noticias\/wp-json\/wp\/v2\/posts"}],"about":[{"href":"https:\/\/primicias2262.com\/noticias\/wp-json\/wp\/v2\/types\/post"}],"author":[{"embeddable":true,"href":"https:\/\/primicias2262.com\/noticias\/wp-json\/wp\/v2\/users\/3"}],"replies":[{"embeddable":true,"href":"https:\/\/primicias2262.com\/noticias\/wp-json\/wp\/v2\/comments?post=105260"}],"version-history":[{"count":1,"href":"https:\/\/primicias2262.com\/noticias\/wp-json\/wp\/v2\/posts\/105260\/revisions"}],"predecessor-version":[{"id":105262,"href":"https:\/\/primicias2262.com\/noticias\/wp-json\/wp\/v2\/posts\/105260\/revisions\/105262"}],"wp:featuredmedia":[{"embeddable":true,"href":"https:\/\/primicias2262.com\/noticias\/wp-json\/wp\/v2\/media\/102989"}],"wp:attachment":[{"href":"https:\/\/primicias2262.com\/noticias\/wp-json\/wp\/v2\/media?parent=105260"}],"wp:term":[{"taxonomy":"category","embeddable":true,"href":"https:\/\/primicias2262.com\/noticias\/wp-json\/wp\/v2\/categories?post=105260"},{"taxonomy":"post_tag","embeddable":true,"href":"https:\/\/primicias2262.com\/noticias\/wp-json\/wp\/v2\/tags?post=105260"}],"curies":[{"name":"wp","href":"https:\/\/api.w.org\/{rel}","templated":true}]}}