{"id":105282,"date":"2023-12-27T16:57:38","date_gmt":"2023-12-27T16:57:38","guid":{"rendered":"https:\/\/primicias2262.com\/noticias\/?p=105282"},"modified":"2023-12-27T16:57:38","modified_gmt":"2023-12-27T16:57:38","slug":"mas-de-230-efectivos-llegan-de-refuerzo-a-necochea-en-el-marco-del-operativo-de-sol-a-sol","status":"publish","type":"post","link":"https:\/\/primicias2262.com\/noticias\/mas-de-230-efectivos-llegan-de-refuerzo-a-necochea-en-el-marco-del-operativo-de-sol-a-sol\/","title":{"rendered":"M\u00e1s de 230 efectivos llegan de refuerzo a Necochea en el marco del Operativo de Sol a Sol"},"content":{"rendered":"<p><strong>As\u00ed lo confirm\u00f3 el subsecretario de Prevenci\u00f3n y Monitoreo, \u00c1ngel V\u00e1zquez, tras el lanzamiento en Mar del Plata del Operativo Sol a Sol que destina la Provincia de Buenos Aires para la costa atl\u00e1ntica durante el verano.<\/strong><\/p>\n<p>Durante una nota telef\u00f3nica realizada por el periodista Jorge G\u00f3mez, el funcionario municipal confirmo que llegar\u00e1n a Necochea alrededor de 235 nuevos efectivos policiales para cubrir la temporada, en el marco del operativo provincial Sol a Sol, e hizo la discriminaci\u00f3n del personal por \u00e1reas.<\/p>\n<p><a href=\"https:\/\/primicias2262.com\/noticias\/wp-content\/uploads\/2023\/12\/FOTO-Presentacion-Operativo-Sol-a-Sol2.jpeg\"><img loading=\"lazy\" decoding=\"async\" class=\"aligncenter size-full wp-image-105284\" src=\"https:\/\/primicias2262.com\/noticias\/wp-content\/uploads\/2023\/12\/FOTO-Presentacion-Operativo-Sol-a-Sol2.jpeg\" alt=\"\" width=\"1029\" height=\"686\" srcset=\"https:\/\/primicias2262.com\/noticias\/wp-content\/uploads\/2023\/12\/FOTO-Presentacion-Operativo-Sol-a-Sol2.jpeg 1029w, https:\/\/primicias2262.com\/noticias\/wp-content\/uploads\/2023\/12\/FOTO-Presentacion-Operativo-Sol-a-Sol2-300x200.jpeg 300w, https:\/\/primicias2262.com\/noticias\/wp-content\/uploads\/2023\/12\/FOTO-Presentacion-Operativo-Sol-a-Sol2-1024x683.jpeg 1024w, https:\/\/primicias2262.com\/noticias\/wp-content\/uploads\/2023\/12\/FOTO-Presentacion-Operativo-Sol-a-Sol2-768x512.jpeg 768w, https:\/\/primicias2262.com\/noticias\/wp-content\/uploads\/2023\/12\/FOTO-Presentacion-Operativo-Sol-a-Sol2-150x100.jpeg 150w, https:\/\/primicias2262.com\/noticias\/wp-content\/uploads\/2023\/12\/FOTO-Presentacion-Operativo-Sol-a-Sol2-696x464.jpeg 696w\" sizes=\"auto, (max-width: 1029px) 100vw, 1029px\" \/><\/a><em>El intendente Arturo Rojas y el secretario de Gobierno, Jorge Mart\u00ednez, durante la presentaci\u00f3n del Operativo de Sol a Sol en Mar del Plata<\/em><\/p>\n<p>\u201cEn el caso de Seguridad Vial se lanz\u00f3 el operativo el 18 de diciembre con 8 efectivos m\u00e1s; Polic\u00eda Departamental tendr\u00e1 otros 80 efectivos; para Caballer\u00eda llegan 103 efectivos; para la Delegaci\u00f3n de Investigaciones otros 24 efectivos ; y para el Grupo Prevenci\u00f3n Motorizada GPM otros 8 efectivos m\u00e1s 4 veh\u00edculos BMW que son motos de gran cilindrada\u201d, especific\u00f3.<\/p>\n<p>En relaci\u00f3n al tema de comunicaciones, V\u00e1zquez anotici\u00f3 que \u201chabr\u00e1 una torre 360, con entre 8 y 10 efectivos m\u00e1s, los cuales algunos de ellos estar\u00e1n derivados a la Sala de Monitoreo para que hagan las alertas r\u00e1pidas utilizando el ABL que tienen los patrulleros\u201d.<\/p>\n<p><a href=\"https:\/\/primicias2262.com\/noticias\/wp-content\/uploads\/2023\/12\/FOTO-Presentacion-Operativo-Sol-a-Sol3.jpeg\"><img loading=\"lazy\" decoding=\"async\" class=\"aligncenter size-full wp-image-105285\" src=\"https:\/\/primicias2262.com\/noticias\/wp-content\/uploads\/2023\/12\/FOTO-Presentacion-Operativo-Sol-a-Sol3.jpeg\" alt=\"\" width=\"996\" height=\"664\" srcset=\"https:\/\/primicias2262.com\/noticias\/wp-content\/uploads\/2023\/12\/FOTO-Presentacion-Operativo-Sol-a-Sol3.jpeg 996w, https:\/\/primicias2262.com\/noticias\/wp-content\/uploads\/2023\/12\/FOTO-Presentacion-Operativo-Sol-a-Sol3-300x200.jpeg 300w, https:\/\/primicias2262.com\/noticias\/wp-content\/uploads\/2023\/12\/FOTO-Presentacion-Operativo-Sol-a-Sol3-768x512.jpeg 768w, https:\/\/primicias2262.com\/noticias\/wp-content\/uploads\/2023\/12\/FOTO-Presentacion-Operativo-Sol-a-Sol3-150x100.jpeg 150w, https:\/\/primicias2262.com\/noticias\/wp-content\/uploads\/2023\/12\/FOTO-Presentacion-Operativo-Sol-a-Sol3-696x464.jpeg 696w\" sizes=\"auto, (max-width: 996px) 100vw, 996px\" \/><\/a><\/p>\n","protected":false},"excerpt":{"rendered":"<p>As\u00ed lo confirm\u00f3 el subsecretario de Prevenci\u00f3n y Monitoreo, \u00c1ngel V\u00e1zquez, tras el lanzamiento en Mar del Plata del Operativo Sol a Sol que destina la Provincia de Buenos Aires para la costa atl\u00e1ntica durante el verano. Durante una nota telef\u00f3nica realizada por el periodista Jorge G\u00f3mez, el funcionario municipal confirmo que llegar\u00e1n a Necochea [&hellip;]<\/p>\n","protected":false},"author":3,"featured_media":105283,"comment_status":"open","ping_status":"open","sticky":false,"template":"","format":"standard","meta":{"footnotes":""},"categories":[5],"tags":[],"class_list":{"0":"post-105282","1":"post","2":"type-post","3":"status-publish","4":"format-standard","5":"has-post-thumbnail","7":"category-neco"},"_links":{"self":[{"href":"https:\/\/primicias2262.com\/noticias\/wp-json\/wp\/v2\/posts\/105282","targetHints":{"allow":["GET"]}}],"collection":[{"href":"https:\/\/primicias2262.com\/noticias\/wp-json\/wp\/v2\/posts"}],"about":[{"href":"https:\/\/primicias2262.com\/noticias\/wp-json\/wp\/v2\/types\/post"}],"author":[{"embeddable":true,"href":"https:\/\/primicias2262.com\/noticias\/wp-json\/wp\/v2\/users\/3"}],"replies":[{"embeddable":true,"href":"https:\/\/primicias2262.com\/noticias\/wp-json\/wp\/v2\/comments?post=105282"}],"version-history":[{"count":1,"href":"https:\/\/primicias2262.com\/noticias\/wp-json\/wp\/v2\/posts\/105282\/revisions"}],"predecessor-version":[{"id":105286,"href":"https:\/\/primicias2262.com\/noticias\/wp-json\/wp\/v2\/posts\/105282\/revisions\/105286"}],"wp:featuredmedia":[{"embeddable":true,"href":"https:\/\/primicias2262.com\/noticias\/wp-json\/wp\/v2\/media\/105283"}],"wp:attachment":[{"href":"https:\/\/primicias2262.com\/noticias\/wp-json\/wp\/v2\/media?parent=105282"}],"wp:term":[{"taxonomy":"category","embeddable":true,"href":"https:\/\/primicias2262.com\/noticias\/wp-json\/wp\/v2\/categories?post=105282"},{"taxonomy":"post_tag","embeddable":true,"href":"https:\/\/primicias2262.com\/noticias\/wp-json\/wp\/v2\/tags?post=105282"}],"curies":[{"name":"wp","href":"https:\/\/api.w.org\/{rel}","templated":true}]}}