{"id":105330,"date":"2023-12-29T18:28:04","date_gmt":"2023-12-29T18:28:04","guid":{"rendered":"https:\/\/primicias2262.com\/noticias\/?p=105330"},"modified":"2023-12-29T18:28:04","modified_gmt":"2023-12-29T18:28:04","slug":"no-voy-a-permitir-que-ningun-pasquin-plumifero-quiera-marcarme-la-agenda-y-cambiar-funcionarios-de-mi-gobierno","status":"publish","type":"post","link":"https:\/\/primicias2262.com\/noticias\/no-voy-a-permitir-que-ningun-pasquin-plumifero-quiera-marcarme-la-agenda-y-cambiar-funcionarios-de-mi-gobierno\/","title":{"rendered":"\u201cNo voy a permitir que ning\u00fan pasqu\u00edn plum\u00edfero quiera marcarme la agenda y cambiar funcionarios de mi gobierno\u201d"},"content":{"rendered":"<p><strong>As\u00ed lo afirm\u00f3 el intendente Arturo Rojas en \u201cVoces de la Ciudad\u201d, al momento de hablar de la austeridad que se pretende llevar adelante desde el municipio, incluyendo congelamiento de la pauta publicitaria, lo que deriv\u00f3 en una especie de apriete desde alg\u00fan medio local.<\/strong><\/p>\n<p>En el marco de una extensa nota realizada por el periodista Jorge G\u00f3mez, la cual rond\u00f3 principalmente en torno a los n\u00fameros del municipio en un contexto nacional complicado, Rojas volvi\u00f3 a plantear la necesidad de ser austeros. \u201cNecochea en los \u00faltimos 45 a\u00f1os estuvo gastando m\u00e1s de lo que ingresaba, hubo d\u00e9ficit estructural desde 1974 hasta 2019 con todos los gobiernos deficitarios. Nosotros con mucho trabajo de equipo y modificaciones internas y decisiones poco simp\u00e1ticas logramos frenar eso\u201d.<\/p>\n<p>Fue as\u00ed que \u201cen 2020, 2021 y 2022 logramos tres ejercicios con super\u00e1vit que nos permiti\u00f3 ir pagando deudas y recuperando obras y servicios\u2026 y lo de este a\u00f1o vengo anticipando que los n\u00fameros cierran en rojo, no un rojo grande pero s\u00ed con un peque\u00f1o d\u00e9ficit, pero no por falta de previsi\u00f3n, sino por la inflaci\u00f3n que se aceler\u00f3\u201d, aclar\u00f3 el intendente, para acotar que \u201cvamos a llegar lo m\u00e1s equilibrados posibles y ya tomamos decisiones para que a partir de enero vayamos con un presupuesto austero, con el mantenimiento de los servicios b\u00e1sicos y el sostenimiento de los trabajadores, incluso sin ir a una paritaria a la par de la inflaci\u00f3n porque no se puede\u201d.<\/p>\n<p>Por ende, coment\u00f3 que \u201csi el Sindicato municipal pretende hacer la recomposici\u00f3n del 30% m\u00e1s lo que est\u00e1 atrasado no nos vamos a poner de acuerdo y estaremos de paro y movilizaci\u00f3n\u2026 pero quiero mostrarles los n\u00fameros claros arriba de la mesa a los vecinos, mostrando que le pagamos en tiempo y forma a trabajadores y proveedores y a su vez mostrar\u00e9 para atr\u00e1s cu\u00e1les han sido los incrementos para que la gente eval\u00fae\u201d.<\/p>\n<p>Fue all\u00ed cuando se le consult\u00f3 si recibi\u00f3 alg\u00fan tipo de aprietes y Rojas pronunci\u00f3 que \u201cno me quiero prender con ning\u00fan proveedor, medio de comunicaci\u00f3n ni con ning\u00fan sindicato\u2026 las cosas arriba de la mesa y bien claritas, pero hay algunos sectores que no entienden la situaci\u00f3n en la que estamos y utilizan mecanismos que son poco transparentes\u201d.<\/p>\n<p>Dej\u00f3 entrever que ten\u00eda que ver con un medio de comunicaci\u00f3n al ampliar que \u201cte muestran noticias en t\u00e9rminos negativos y tergiversan temas, escondiendo el apriete por una pauta publicitaria. Te dicen que pretenden ganar el doble o mucho m\u00e1s de lo que vienen cobrando, pero nosotros tenemos la decisi\u00f3n pol\u00edtica de esperar hasta los pr\u00f3ximos meses hasta que tengamos una certidumbre de cu\u00e1l ser\u00e1 el \u00edndice de coparticipaci\u00f3n y los recursos que vendr\u00e1n de Provincia\u201d.<\/p>\n<p>En ese marco, no habl\u00f3 de eliminar pautas como el presidente Milei, sino de no aumentar valores por el momento. \u201cTengo que esperar unos meses para ver c\u00f3mo se acomoda y congelar los n\u00fameros\u2026 ni siquiera estoy haciendo lo que hace el gobierno nacional que es eliminar las pautas a cero, sino congelando las pautas para que cobren lo mismo y donde pasen unos meses nos sentaremos a discutir\u201d, argument\u00f3.<\/p>\n<p>De todas maneras, Rojas a\u00f1adi\u00f3 que \u201cuna cosa es estar abiertos al di\u00e1logo y que se presenten otras posturas, y otra cosa es jugar al apriete medi\u00e1tico y a la pol\u00edtica\u201d, agregando en alusi\u00f3n al matutino diario de la ciudad que \u201calgunos incluso quieren cambiar funcionarios y manejar la ciudad desde las sombras, y yo no voy a permitir que ning\u00fan pasqu\u00edn plum\u00edfero quiera marcarme la agenda e incluso cambiar los funcionarios de mi gobierno, como as\u00ed yo tampoco me meto a que en alg\u00fan medio cambien a tal o cual editor o periodista, ya que no corresponde\u201d.<\/p>\n","protected":false},"excerpt":{"rendered":"<p>As\u00ed lo afirm\u00f3 el intendente Arturo Rojas en \u201cVoces de la Ciudad\u201d, al momento de hablar de la austeridad que se pretende llevar adelante desde el municipio, incluyendo congelamiento de la pauta publicitaria, lo que deriv\u00f3 en una especie de apriete desde alg\u00fan medio local. En el marco de una extensa nota realizada por el [&hellip;]<\/p>\n","protected":false},"author":3,"featured_media":104330,"comment_status":"open","ping_status":"open","sticky":false,"template":"","format":"standard","meta":{"footnotes":""},"categories":[6],"tags":[],"class_list":{"0":"post-105330","1":"post","2":"type-post","3":"status-publish","4":"format-standard","5":"has-post-thumbnail","7":"category-portada2"},"_links":{"self":[{"href":"https:\/\/primicias2262.com\/noticias\/wp-json\/wp\/v2\/posts\/105330","targetHints":{"allow":["GET"]}}],"collection":[{"href":"https:\/\/primicias2262.com\/noticias\/wp-json\/wp\/v2\/posts"}],"about":[{"href":"https:\/\/primicias2262.com\/noticias\/wp-json\/wp\/v2\/types\/post"}],"author":[{"embeddable":true,"href":"https:\/\/primicias2262.com\/noticias\/wp-json\/wp\/v2\/users\/3"}],"replies":[{"embeddable":true,"href":"https:\/\/primicias2262.com\/noticias\/wp-json\/wp\/v2\/comments?post=105330"}],"version-history":[{"count":1,"href":"https:\/\/primicias2262.com\/noticias\/wp-json\/wp\/v2\/posts\/105330\/revisions"}],"predecessor-version":[{"id":105331,"href":"https:\/\/primicias2262.com\/noticias\/wp-json\/wp\/v2\/posts\/105330\/revisions\/105331"}],"wp:featuredmedia":[{"embeddable":true,"href":"https:\/\/primicias2262.com\/noticias\/wp-json\/wp\/v2\/media\/104330"}],"wp:attachment":[{"href":"https:\/\/primicias2262.com\/noticias\/wp-json\/wp\/v2\/media?parent=105330"}],"wp:term":[{"taxonomy":"category","embeddable":true,"href":"https:\/\/primicias2262.com\/noticias\/wp-json\/wp\/v2\/categories?post=105330"},{"taxonomy":"post_tag","embeddable":true,"href":"https:\/\/primicias2262.com\/noticias\/wp-json\/wp\/v2\/tags?post=105330"}],"curies":[{"name":"wp","href":"https:\/\/api.w.org\/{rel}","templated":true}]}}