{"id":105471,"date":"2024-01-08T03:27:10","date_gmt":"2024-01-08T03:27:10","guid":{"rendered":"https:\/\/primicias2262.com\/noticias\/?p=105471"},"modified":"2024-01-09T17:31:19","modified_gmt":"2024-01-09T17:31:19","slug":"estan-de-paro-los-choferes-de-los-micros-urbanos-de-necochea-y-quequen","status":"publish","type":"post","link":"https:\/\/primicias2262.com\/noticias\/estan-de-paro-los-choferes-de-los-micros-urbanos-de-necochea-y-quequen\/","title":{"rendered":"Est\u00e1n de paro los choferes de los micros urbanos de Necochea y Quequ\u00e9n"},"content":{"rendered":"<p><strong>La medida se cumple desde poco despu\u00e9s de las 17 de este lunes 8 de enero. Se pudo establecer la clave del fundamento de la protesta: la falta de pago de una cuota del medio aguinaldo <\/strong><\/p>\n<p><strong>Por Jorge G\u00f3mez<\/strong><\/p>\n<p>La falta de pago de una cuota del medido aguinaldo, que se contemplaba abonar por estas horas, ser\u00eda el fundamento central del paro de actividades que desde poco despu\u00e9s de las 17 de esta tarde de lunes 8 de enero llevan a cabo los choferes del transporte urbano de pasajeros en Necochea y Quequ\u00e9n afiliados a la Uni\u00f3n Tranviarios Automotor (UTA), seg\u00fan confirmaron fuentes de las dos empresas concesionarias del servicio, la Compa\u00f1\u00eda de Transporte Necochea -micros azules- y Micro \u00d3mnibus Nueva Pompeya -micros verdes-.<\/p>\n<p>En el inicio de la segunda semana del nuevo a\u00f1o, en el naciente enero de 2024, tiene lugar esta medida de fuerza, con la interrupci\u00f3n de los recorridos de las unidades que operan como micros urbanos.<\/p>\n<p>Las voces requeridas a\u00f1adieron que se estaba a la espera, al momento del cierre de esta cr\u00f3nica, de una delegaci\u00f3n de la UTA Mar del Plata para analizar, junto a representantes de las concesionarias, una probable soluci\u00f3n al tema y presuntamente normalizarse el servicio. Mientras tanto, el paro de micros se cumple con un alto porcentaje de adhesi\u00f3n, se consign\u00f3.<\/p>\n","protected":false},"excerpt":{"rendered":"<p>La medida se cumple desde poco despu\u00e9s de las 17 de este lunes 8 de enero. Se pudo establecer la clave del fundamento de la protesta: la falta de pago de una cuota del medio aguinaldo Por Jorge G\u00f3mez La falta de pago de una cuota del medido aguinaldo, que se contemplaba abonar por estas [&hellip;]<\/p>\n","protected":false},"author":3,"featured_media":101662,"comment_status":"open","ping_status":"open","sticky":false,"template":"","format":"standard","meta":{"footnotes":""},"categories":[5],"tags":[],"class_list":{"0":"post-105471","1":"post","2":"type-post","3":"status-publish","4":"format-standard","5":"has-post-thumbnail","7":"category-neco"},"_links":{"self":[{"href":"https:\/\/primicias2262.com\/noticias\/wp-json\/wp\/v2\/posts\/105471","targetHints":{"allow":["GET"]}}],"collection":[{"href":"https:\/\/primicias2262.com\/noticias\/wp-json\/wp\/v2\/posts"}],"about":[{"href":"https:\/\/primicias2262.com\/noticias\/wp-json\/wp\/v2\/types\/post"}],"author":[{"embeddable":true,"href":"https:\/\/primicias2262.com\/noticias\/wp-json\/wp\/v2\/users\/3"}],"replies":[{"embeddable":true,"href":"https:\/\/primicias2262.com\/noticias\/wp-json\/wp\/v2\/comments?post=105471"}],"version-history":[{"count":2,"href":"https:\/\/primicias2262.com\/noticias\/wp-json\/wp\/v2\/posts\/105471\/revisions"}],"predecessor-version":[{"id":105488,"href":"https:\/\/primicias2262.com\/noticias\/wp-json\/wp\/v2\/posts\/105471\/revisions\/105488"}],"wp:featuredmedia":[{"embeddable":true,"href":"https:\/\/primicias2262.com\/noticias\/wp-json\/wp\/v2\/media\/101662"}],"wp:attachment":[{"href":"https:\/\/primicias2262.com\/noticias\/wp-json\/wp\/v2\/media?parent=105471"}],"wp:term":[{"taxonomy":"category","embeddable":true,"href":"https:\/\/primicias2262.com\/noticias\/wp-json\/wp\/v2\/categories?post=105471"},{"taxonomy":"post_tag","embeddable":true,"href":"https:\/\/primicias2262.com\/noticias\/wp-json\/wp\/v2\/tags?post=105471"}],"curies":[{"name":"wp","href":"https:\/\/api.w.org\/{rel}","templated":true}]}}