{"id":105646,"date":"2024-01-19T16:59:34","date_gmt":"2024-01-19T16:59:34","guid":{"rendered":"https:\/\/primicias2262.com\/noticias\/?p=105646"},"modified":"2024-01-19T17:04:58","modified_gmt":"2024-01-19T17:04:58","slug":"desde-este-viernes-se-desarrollara-la-20o-feria-de-las-colectividades","status":"publish","type":"post","link":"https:\/\/primicias2262.com\/noticias\/desde-este-viernes-se-desarrollara-la-20o-feria-de-las-colectividades\/","title":{"rendered":"Desde este viernes se desarrollar\u00e1 la 20\u00ba Feria de las Colectividades"},"content":{"rendered":"<p>Desde este viernes 19 al domingo 21, se llevar\u00e1 a cabo en el Jard\u00edn Franc\u00e9s del Parque Miguel Lillo la edici\u00f3n n\u00ba 20 de la Feria de las Colectividades, que organiza la coordinadora de colectividades de necochea, la cual confirm\u00f3 que ser\u00e1n 11 de ellas las que participen en la tradicional fiesta de danzas t\u00edpicas y degustaci\u00f3n de platos t\u00edpicos.<\/p>\n<p><strong>A continuaci\u00f3n, el cronograma completo de viernes a domingo:<\/strong><\/p>\n<div id='gallery-1' class='gallery galleryid-105646 gallery-columns-3 gallery-size-medium'><figure class='gallery-item'>\n\t\t\t<div class='gallery-icon portrait'>\n\t\t\t\t<a href='https:\/\/primicias2262.com\/noticias\/el-centro-vasco-se-prepara-para-los-festejos-de-san-sebastian\/whatsapp-image-2024-01-19-at-12-59-32-am\/'><img loading=\"lazy\" decoding=\"async\" width=\"169\" height=\"300\" src=\"https:\/\/primicias2262.com\/noticias\/wp-content\/uploads\/2024\/01\/WhatsApp-Image-2024-01-19-at-12.59.32-AM-169x300.jpeg\" class=\"attachment-medium size-medium\" alt=\"\" srcset=\"https:\/\/primicias2262.com\/noticias\/wp-content\/uploads\/2024\/01\/WhatsApp-Image-2024-01-19-at-12.59.32-AM-169x300.jpeg 169w, https:\/\/primicias2262.com\/noticias\/wp-content\/uploads\/2024\/01\/WhatsApp-Image-2024-01-19-at-12.59.32-AM-150x267.jpeg 150w, https:\/\/primicias2262.com\/noticias\/wp-content\/uploads\/2024\/01\/WhatsApp-Image-2024-01-19-at-12.59.32-AM-300x533.jpeg 300w, https:\/\/primicias2262.com\/noticias\/wp-content\/uploads\/2024\/01\/WhatsApp-Image-2024-01-19-at-12.59.32-AM.jpeg 576w\" sizes=\"auto, (max-width: 169px) 100vw, 169px\" \/><\/a>\n\t\t\t<\/div><\/figure><figure class='gallery-item'>\n\t\t\t<div class='gallery-icon portrait'>\n\t\t\t\t<a href='https:\/\/primicias2262.com\/noticias\/el-centro-vasco-se-prepara-para-los-festejos-de-san-sebastian\/whatsapp-image-2024-01-19-at-12-59-32-am1\/'><img loading=\"lazy\" decoding=\"async\" width=\"169\" height=\"300\" src=\"https:\/\/primicias2262.com\/noticias\/wp-content\/uploads\/2024\/01\/WhatsApp-Image-2024-01-19-at-12.59.32-AM1-169x300.jpeg\" class=\"attachment-medium size-medium\" alt=\"\" srcset=\"https:\/\/primicias2262.com\/noticias\/wp-content\/uploads\/2024\/01\/WhatsApp-Image-2024-01-19-at-12.59.32-AM1-169x300.jpeg 169w, https:\/\/primicias2262.com\/noticias\/wp-content\/uploads\/2024\/01\/WhatsApp-Image-2024-01-19-at-12.59.32-AM1-150x267.jpeg 150w, https:\/\/primicias2262.com\/noticias\/wp-content\/uploads\/2024\/01\/WhatsApp-Image-2024-01-19-at-12.59.32-AM1-300x533.jpeg 300w, https:\/\/primicias2262.com\/noticias\/wp-content\/uploads\/2024\/01\/WhatsApp-Image-2024-01-19-at-12.59.32-AM1.jpeg 576w\" sizes=\"auto, (max-width: 169px) 100vw, 169px\" \/><\/a>\n\t\t\t<\/div><\/figure><figure class='gallery-item'>\n\t\t\t<div class='gallery-icon portrait'>\n\t\t\t\t<a href='https:\/\/primicias2262.com\/noticias\/el-centro-vasco-se-prepara-para-los-festejos-de-san-sebastian\/whatsapp-image-2024-01-19-at-12-59-32-am2\/'><img loading=\"lazy\" decoding=\"async\" width=\"169\" height=\"300\" src=\"https:\/\/primicias2262.com\/noticias\/wp-content\/uploads\/2024\/01\/WhatsApp-Image-2024-01-19-at-12.59.32-AM2-169x300.jpeg\" class=\"attachment-medium size-medium\" alt=\"\" srcset=\"https:\/\/primicias2262.com\/noticias\/wp-content\/uploads\/2024\/01\/WhatsApp-Image-2024-01-19-at-12.59.32-AM2-169x300.jpeg 169w, https:\/\/primicias2262.com\/noticias\/wp-content\/uploads\/2024\/01\/WhatsApp-Image-2024-01-19-at-12.59.32-AM2-150x267.jpeg 150w, https:\/\/primicias2262.com\/noticias\/wp-content\/uploads\/2024\/01\/WhatsApp-Image-2024-01-19-at-12.59.32-AM2-300x533.jpeg 300w, https:\/\/primicias2262.com\/noticias\/wp-content\/uploads\/2024\/01\/WhatsApp-Image-2024-01-19-at-12.59.32-AM2.jpeg 576w\" sizes=\"auto, (max-width: 169px) 100vw, 169px\" \/><\/a>\n\t\t\t<\/div><\/figure>\n\t\t<\/div>\n\n","protected":false},"excerpt":{"rendered":"<p>Desde este viernes 19 al domingo 21, se llevar\u00e1 a cabo en el Jard\u00edn Franc\u00e9s del Parque Miguel Lillo la edici\u00f3n n\u00ba 20 de la Feria de las Colectividades, que organiza la coordinadora de colectividades de necochea, la cual confirm\u00f3 que ser\u00e1n 11 de ellas las que participen en la tradicional fiesta de danzas t\u00edpicas [&hellip;]<\/p>\n","protected":false},"author":3,"featured_media":105570,"comment_status":"open","ping_status":"open","sticky":false,"template":"","format":"standard","meta":{"footnotes":""},"categories":[6],"tags":[],"class_list":{"0":"post-105646","1":"post","2":"type-post","3":"status-publish","4":"format-standard","5":"has-post-thumbnail","7":"category-portada2"},"_links":{"self":[{"href":"https:\/\/primicias2262.com\/noticias\/wp-json\/wp\/v2\/posts\/105646","targetHints":{"allow":["GET"]}}],"collection":[{"href":"https:\/\/primicias2262.com\/noticias\/wp-json\/wp\/v2\/posts"}],"about":[{"href":"https:\/\/primicias2262.com\/noticias\/wp-json\/wp\/v2\/types\/post"}],"author":[{"embeddable":true,"href":"https:\/\/primicias2262.com\/noticias\/wp-json\/wp\/v2\/users\/3"}],"replies":[{"embeddable":true,"href":"https:\/\/primicias2262.com\/noticias\/wp-json\/wp\/v2\/comments?post=105646"}],"version-history":[{"count":2,"href":"https:\/\/primicias2262.com\/noticias\/wp-json\/wp\/v2\/posts\/105646\/revisions"}],"predecessor-version":[{"id":105655,"href":"https:\/\/primicias2262.com\/noticias\/wp-json\/wp\/v2\/posts\/105646\/revisions\/105655"}],"wp:featuredmedia":[{"embeddable":true,"href":"https:\/\/primicias2262.com\/noticias\/wp-json\/wp\/v2\/media\/105570"}],"wp:attachment":[{"href":"https:\/\/primicias2262.com\/noticias\/wp-json\/wp\/v2\/media?parent=105646"}],"wp:term":[{"taxonomy":"category","embeddable":true,"href":"https:\/\/primicias2262.com\/noticias\/wp-json\/wp\/v2\/categories?post=105646"},{"taxonomy":"post_tag","embeddable":true,"href":"https:\/\/primicias2262.com\/noticias\/wp-json\/wp\/v2\/tags?post=105646"}],"curies":[{"name":"wp","href":"https:\/\/api.w.org\/{rel}","templated":true}]}}