{"id":105653,"date":"2024-01-19T10:03:54","date_gmt":"2024-01-19T10:03:54","guid":{"rendered":"https:\/\/primicias2262.com\/noticias\/?p=105653"},"modified":"2024-01-19T17:04:34","modified_gmt":"2024-01-19T17:04:34","slug":"voces-de-la-ciudad-se-toma-una-semana-de-vacaciones-2","status":"publish","type":"post","link":"https:\/\/primicias2262.com\/noticias\/voces-de-la-ciudad-se-toma-una-semana-de-vacaciones-2\/","title":{"rendered":"Voces de la Ciudad se toma una semana de vacaciones"},"content":{"rendered":"<p><strong>El programa de radio y televisi\u00f3n Voces de la Ciudad, que se emite por Vinilo FM 103.5 Mhz y por Agenda Necochense se tomar\u00e1 una semana de descanso entre este pr\u00f3ximo lunes 22 hasta el venidero viernes 26 de enero de 2024, en lo que se conoce como cuarta semana de las presentes vacaciones de verano, coincidiendo con la inactividad escolar de enero y la feria judicial, ente otras actividades que tienen menguadas sus labores.<\/strong><\/p>\n<p>El aludido magazine informativo que ocupa la primera y buena parte de la semana ma\u00f1ana informativa de radio y TV en Necochea y Quequ\u00e9n har\u00e1 por lo tanto una pausa, en una suerte de esperado reposo de la totalidad de quienes son parte de la propuesta.<\/p>\n<p>Se recuerda que el programa Voces de la Ciudad es conducido por el periodista Jorge G\u00f3mez y cuenta con la colaboraci\u00f3n de Daniel Gonz\u00e1lez, Marita Maranchelli, Eloy Casares, Jer\u00f3nimo Franceschini, Daniel Chirichigno, y Hugo Arroyo, con el aporte de colaboradores como el respetado colega Hugo Moller, conductor y editor de El Ciudadano.<\/p>\n<p>Tras este citado intervalo de cinco d\u00edas de silencio de radio se volver\u00e1 a brindar tal servicio radial a partir del pr\u00f3ximo lunes 29 de enero.<\/p>\n<p>Voces de la Ciudad -que redujo durante las primeras tres semanas de enero su tiempo de radio, estando en el aire de 7 a 9.30- se recuerda que se emite de 7 a 11 de la ma\u00f1ana a trav\u00e9s de la se\u00f1al de Vinilo FM 103.5 Mhz y por TV accediendo a www.agendanecochense.com.<\/p>\n<p>Y tambi\u00e9n se lo puede escuchar accediendo a la web con el mismo nombre del programa, y en el de Vinilo FM y en el de Voces de Necochea, como as\u00ed a trav\u00e9s de los muros en Facebook live de Voces de la Ciudad, Primicias 2262 y de Jorge G\u00f3mez, al igual que por la televisi\u00f3n por cable a trav\u00e9s de Air Fibra de Astesano Inform\u00e1tica y de la frecuencia 730 de Wodplay, en el marco de la programaci\u00f3n local de Agenda Necochense, cuyo link es www.agendanecochense.com.<\/p>\n<p>El lunes 29 de enero volver\u00e1 a estar al aire Voces de la Ciudad, con todo el equipo presto para brindar su habitual servicio de noticias, de 7 a 11 hs, en lo que ser\u00e1n los \u00faltimos d\u00edas y despedida del primer mes de 2024.<\/p>\n","protected":false},"excerpt":{"rendered":"<p>El programa de radio y televisi\u00f3n Voces de la Ciudad, que se emite por Vinilo FM 103.5 Mhz y por Agenda Necochense se tomar\u00e1 una semana de descanso entre este pr\u00f3ximo lunes 22 hasta el venidero viernes 26 de enero de 2024, en lo que se conoce como cuarta semana de las presentes vacaciones de [&hellip;]<\/p>\n","protected":false},"author":3,"featured_media":104098,"comment_status":"open","ping_status":"open","sticky":false,"template":"","format":"standard","meta":{"footnotes":""},"categories":[5],"tags":[],"class_list":{"0":"post-105653","1":"post","2":"type-post","3":"status-publish","4":"format-standard","5":"has-post-thumbnail","7":"category-neco"},"_links":{"self":[{"href":"https:\/\/primicias2262.com\/noticias\/wp-json\/wp\/v2\/posts\/105653","targetHints":{"allow":["GET"]}}],"collection":[{"href":"https:\/\/primicias2262.com\/noticias\/wp-json\/wp\/v2\/posts"}],"about":[{"href":"https:\/\/primicias2262.com\/noticias\/wp-json\/wp\/v2\/types\/post"}],"author":[{"embeddable":true,"href":"https:\/\/primicias2262.com\/noticias\/wp-json\/wp\/v2\/users\/3"}],"replies":[{"embeddable":true,"href":"https:\/\/primicias2262.com\/noticias\/wp-json\/wp\/v2\/comments?post=105653"}],"version-history":[{"count":1,"href":"https:\/\/primicias2262.com\/noticias\/wp-json\/wp\/v2\/posts\/105653\/revisions"}],"predecessor-version":[{"id":105654,"href":"https:\/\/primicias2262.com\/noticias\/wp-json\/wp\/v2\/posts\/105653\/revisions\/105654"}],"wp:featuredmedia":[{"embeddable":true,"href":"https:\/\/primicias2262.com\/noticias\/wp-json\/wp\/v2\/media\/104098"}],"wp:attachment":[{"href":"https:\/\/primicias2262.com\/noticias\/wp-json\/wp\/v2\/media?parent=105653"}],"wp:term":[{"taxonomy":"category","embeddable":true,"href":"https:\/\/primicias2262.com\/noticias\/wp-json\/wp\/v2\/categories?post=105653"},{"taxonomy":"post_tag","embeddable":true,"href":"https:\/\/primicias2262.com\/noticias\/wp-json\/wp\/v2\/tags?post=105653"}],"curies":[{"name":"wp","href":"https:\/\/api.w.org\/{rel}","templated":true}]}}