{"id":105769,"date":"2024-01-25T13:05:35","date_gmt":"2024-01-25T13:05:35","guid":{"rendered":"https:\/\/primicias2262.com\/noticias\/?p=105769"},"modified":"2024-01-30T17:02:52","modified_gmt":"2024-01-30T17:02:52","slug":"emsur-y-servicios-publicos-trabajan-a-diario-con-el-regador-ante-la-alta-demanda","status":"publish","type":"post","link":"https:\/\/primicias2262.com\/noticias\/emsur-y-servicios-publicos-trabajan-a-diario-con-el-regador-ante-la-alta-demanda\/","title":{"rendered":"EMSUR y Servicios P\u00fablicos trabajan a diario con el regador ante la alta demanda"},"content":{"rendered":"<p><strong>\u201cEstamos tratando de cubrir todo lo que es riego de calle, de lo cual tenemos una alta demanda y estamos en las avenidas y en los barrios m\u00e1s comprometidos\u201d, se\u00f1al\u00f3 el titular del EMSUR, Sergio Giorello.<\/strong><\/p>\n<p>Entre sus tareas asiduas de mantenimiento en la ciudad, el Ente Municipal de Servicios Urbanos y Rurales est\u00e1 abocado por estos d\u00edas a administrar el riego de las calles, habida cuenta del calor predominante, la falta de lluvias y la acumulaci\u00f3n de polvo en diferentes sectores.<\/p>\n<p>Es por ello que el titular del EMSUR, Ing. Sergio Giorello contextualiz\u00f3 que \u201cen base a la coyuntura en que estamos hace varios d\u00edas sin lluvia, al contrario de las fiestas donde tuvimos varios temporales, ahora pasamos al otro extremo y conjuntamente con Servicios P\u00fablicos estamos tratando de cubrir todo lo que es riego de calle, de lo cual tenemos una alta demanda\u201d.<\/p>\n<p>Por ese motivo, asegur\u00f3 que \u201cconstantemente el regador del ente est\u00e1 trabajando en las avenidas y en los barrios m\u00e1s comprometidos\u201d, subrayando que \u201centendemos a la gente acerca de esta problem\u00e1tica y esperemos seguir constantemente con ese tema\u201d.<\/p>\n<p><a href=\"https:\/\/primicias2262.com\/noticias\/wp-content\/uploads\/2024\/01\/WhatsApp-Image-2024-01-25-at-9.16.42-PM.jpeg\"><img loading=\"lazy\" decoding=\"async\" class=\"aligncenter size-full wp-image-105771\" src=\"https:\/\/primicias2262.com\/noticias\/wp-content\/uploads\/2024\/01\/WhatsApp-Image-2024-01-25-at-9.16.42-PM.jpeg\" alt=\"\" width=\"1200\" height=\"1600\" srcset=\"https:\/\/primicias2262.com\/noticias\/wp-content\/uploads\/2024\/01\/WhatsApp-Image-2024-01-25-at-9.16.42-PM.jpeg 1200w, https:\/\/primicias2262.com\/noticias\/wp-content\/uploads\/2024\/01\/WhatsApp-Image-2024-01-25-at-9.16.42-PM-225x300.jpeg 225w, https:\/\/primicias2262.com\/noticias\/wp-content\/uploads\/2024\/01\/WhatsApp-Image-2024-01-25-at-9.16.42-PM-768x1024.jpeg 768w, https:\/\/primicias2262.com\/noticias\/wp-content\/uploads\/2024\/01\/WhatsApp-Image-2024-01-25-at-9.16.42-PM-1152x1536.jpeg 1152w, https:\/\/primicias2262.com\/noticias\/wp-content\/uploads\/2024\/01\/WhatsApp-Image-2024-01-25-at-9.16.42-PM-150x200.jpeg 150w, https:\/\/primicias2262.com\/noticias\/wp-content\/uploads\/2024\/01\/WhatsApp-Image-2024-01-25-at-9.16.42-PM-300x400.jpeg 300w, https:\/\/primicias2262.com\/noticias\/wp-content\/uploads\/2024\/01\/WhatsApp-Image-2024-01-25-at-9.16.42-PM-696x928.jpeg 696w, https:\/\/primicias2262.com\/noticias\/wp-content\/uploads\/2024\/01\/WhatsApp-Image-2024-01-25-at-9.16.42-PM-1068x1424.jpeg 1068w\" sizes=\"auto, (max-width: 1200px) 100vw, 1200px\" \/><\/a>Aparte de ello, se desarrollan las tareas normales del ente en Necochea y Quequ\u00e9n y tambi\u00e9n el funcionario puntualiz\u00f3 sobre el tema. \u201cTenemos las m\u00e1quinas abocadas a diferentes trabajos, hicimos un engranzado en calle 68 entre 75 y 79, otro en 83 entre 58 y 56, y despu\u00e9s el mantenimiento constante de la Av. 2, que es muy problem\u00e1tica ya que luego de los fines de semana se rompe mucho y se abren ojos arena, as\u00ed que en combinaci\u00f3n con Servicios P\u00fablicos destinamos una motoniveladora y una pala\u201d.<\/p>\n<p>Adem\u00e1s, siguen brindando el mantenimiento en las calles de tierra en Villa Zabala y Villa Florida, \u201clugares que nos permiten trabajar ahora porque son las calles de tierra, e hicimos tambi\u00e9n un trabajo de conformaci\u00f3n de cunetas en la 74\u201d, comunic\u00f3, para aclarar que \u201cno podemos entrar mucho a los barrios lamentablemente porque tocar las calles hoy en este estado de humedad es cr\u00edtico\u201d.<\/p>\n<p>En cuanto a Quequ\u00e9n, Giorello report\u00f3 que \u201cestuvimos haciendo un entoscado junto a una empresa que colabor\u00f3 con la tosca en 571 y 562 a 566, y ahora vamos a mantener nuevamente el camino costero por 502 a Costa Bonita y las calles de tierra detr\u00e1s de la rotonda de Cargill\u201d.<\/p>\n","protected":false},"excerpt":{"rendered":"<p>\u201cEstamos tratando de cubrir todo lo que es riego de calle, de lo cual tenemos una alta demanda y estamos en las avenidas y en los barrios m\u00e1s comprometidos\u201d, se\u00f1al\u00f3 el titular del EMSUR, Sergio Giorello. Entre sus tareas asiduas de mantenimiento en la ciudad, el Ente Municipal de Servicios Urbanos y Rurales est\u00e1 abocado [&hellip;]<\/p>\n","protected":false},"author":3,"featured_media":105770,"comment_status":"open","ping_status":"open","sticky":false,"template":"","format":"standard","meta":{"footnotes":""},"categories":[5],"tags":[],"class_list":{"0":"post-105769","1":"post","2":"type-post","3":"status-publish","4":"format-standard","5":"has-post-thumbnail","7":"category-neco"},"_links":{"self":[{"href":"https:\/\/primicias2262.com\/noticias\/wp-json\/wp\/v2\/posts\/105769","targetHints":{"allow":["GET"]}}],"collection":[{"href":"https:\/\/primicias2262.com\/noticias\/wp-json\/wp\/v2\/posts"}],"about":[{"href":"https:\/\/primicias2262.com\/noticias\/wp-json\/wp\/v2\/types\/post"}],"author":[{"embeddable":true,"href":"https:\/\/primicias2262.com\/noticias\/wp-json\/wp\/v2\/users\/3"}],"replies":[{"embeddable":true,"href":"https:\/\/primicias2262.com\/noticias\/wp-json\/wp\/v2\/comments?post=105769"}],"version-history":[{"count":1,"href":"https:\/\/primicias2262.com\/noticias\/wp-json\/wp\/v2\/posts\/105769\/revisions"}],"predecessor-version":[{"id":105772,"href":"https:\/\/primicias2262.com\/noticias\/wp-json\/wp\/v2\/posts\/105769\/revisions\/105772"}],"wp:featuredmedia":[{"embeddable":true,"href":"https:\/\/primicias2262.com\/noticias\/wp-json\/wp\/v2\/media\/105770"}],"wp:attachment":[{"href":"https:\/\/primicias2262.com\/noticias\/wp-json\/wp\/v2\/media?parent=105769"}],"wp:term":[{"taxonomy":"category","embeddable":true,"href":"https:\/\/primicias2262.com\/noticias\/wp-json\/wp\/v2\/categories?post=105769"},{"taxonomy":"post_tag","embeddable":true,"href":"https:\/\/primicias2262.com\/noticias\/wp-json\/wp\/v2\/tags?post=105769"}],"curies":[{"name":"wp","href":"https:\/\/api.w.org\/{rel}","templated":true}]}}