{"id":105806,"date":"2024-02-02T20:29:02","date_gmt":"2024-02-02T20:29:02","guid":{"rendered":"https:\/\/primicias2262.com\/noticias\/?p=105806"},"modified":"2024-02-05T20:07:01","modified_gmt":"2024-02-05T20:07:01","slug":"ralentizar-la-obra-publica-y-estar-muy-cerca-de-los-que-mas-necesitan","status":"publish","type":"post","link":"https:\/\/primicias2262.com\/noticias\/ralentizar-la-obra-publica-y-estar-muy-cerca-de-los-que-mas-necesitan\/","title":{"rendered":"\u201cRalentizar la obra p\u00fablica y estar muy cerca de los que m\u00e1s necesitan\u201d"},"content":{"rendered":"<p><strong>As\u00ed fueron algunos de los conceptos que se\u00f1al\u00f3 el intendente de Lober\u00eda, Pablo Barrena, durante una nota en \u201cVoces de la Ciudad\u201d realizada por el periodista Jorge G\u00f3mez, y con el duro panorama econ\u00f3mico que se presenta actualmente y en el horizonte.<\/strong><\/p>\n<p>El jefe comunal de Lober\u00eda pos ciclo Fioramonti, manifest\u00f3 al inicio que \u201cel sinceramiento econ\u00f3mico que se produce pos a\u00f1o electoral cambia el panorama. Nosotros que somos un municipio que nos hemos caracterizado por la obra p\u00fablica nos vemos ante un a\u00f1o dif\u00edcil donde hay que estar atentos y estar muy cerca delos que menos tienen y m\u00e1s necesitan, ralentizando y no abriendo nuevas obras p\u00fablicas\u201d.<\/p>\n<p>En ese aspecto, se\u00f1al\u00f3 que viaja permanentemente al Gobierno de la Provincia para gestionar. \u201cEstuve reunido con Gabriel Katopodis y diferentes ministros en los \u00faltimos d\u00edas, estamos gestionando mucho, aunque las obras van a ser menores\u201d, insisti\u00f3, para completar que \u201cestamos con barrios de viviendas avanzados, terminando algunos y paralizados otros hasta saber bien c\u00f3mo vendr\u00e1 el cronograma de pagos de Naci\u00f3n\u201d.<\/p>\n<p>Desde el punto de vista tur\u00edstico, Barrena fue consultado por Arenas Verdes y dej\u00f3 en claro que \u201cest\u00e1 muy bien porque venimos hasta el momento con una temporada a pleno, trabajando muy bien los nuevos servicios y el desaf\u00edo es que el desarrollo sea arm\u00f3nico. Todos los fines de semana ha estado al 100% y durante la semana con una capacidad muy alta de ocupaci\u00f3n\u201d.<\/p>\n<p>Tambi\u00e9n se hizo un tiempo para hablar de la producci\u00f3n agropecuaria, siendo Lober\u00eda una de las ciudades m\u00e1s relevantes de la provincia en esta cuesti\u00f3n. En cuanto a la cosecha fina el Intendente sostuvo que \u201cen nuestro distrito ven\u00eda con rindes excelentes y tuvimos un sufrimiento por granizo y vendaval, en algunos casos muy importantes, se estiman 100 mil hect\u00e1reas afectadas en distintos porcentajes, pero vamos a avanzar \u00a0y entendemos que la gruesa viene muy bien, aunque veremos estos calores c\u00f3mo afectan\u201d.<\/p>\n<p>\u201cLa producci\u00f3n agropecuaria es muy importante para nosotros y creemos que va a ser un buen a\u00f1o, aunque entendemos que hay complicaciones macroecon\u00f3micas que hacen que por ah\u00ed determinadas decisiones e inversiones se posterguen, pero entendemos que va a ser un buen a\u00f1o para que la producci\u00f3n agropecuaria de Lober\u00eda genere m\u00e1s trabajo y m\u00e1s mano de obra, y para ello hay que darle valor agregado\u201d, acot\u00f3.<\/p>\n<p>Asimismo, no soslay\u00f3 un p\u00e1rrafo sobre el incendio que afect\u00f3 a las estancias del partido de Lober\u00eda, La Mora y Moromar, como as\u00ed a parajes lindantes. \u201cEl fuego est\u00e1 controlado, milagrosamente llovieron 26 mil\u00edmetros sobre la zona ayer a la ma\u00f1ana y eso hizo que disminuya mucho el foco, cuando ya est\u00e1bamos hablando de 700 hect\u00e1reas. Adentro del monte todav\u00eda hay focos \u00edgneos y humos, as\u00ed que con el viento se pueden prender, pero estamos trabajando y ofreciendo colaboraci\u00f3n a los propietarios, y por supuesto agradeciendo a las dotaciones de bomberos de toda la zona\u201d.<\/p>\n","protected":false},"excerpt":{"rendered":"<p>As\u00ed fueron algunos de los conceptos que se\u00f1al\u00f3 el intendente de Lober\u00eda, Pablo Barrena, durante una nota en \u201cVoces de la Ciudad\u201d realizada por el periodista Jorge G\u00f3mez, y con el duro panorama econ\u00f3mico que se presenta actualmente y en el horizonte. El jefe comunal de Lober\u00eda pos ciclo Fioramonti, manifest\u00f3 al inicio que \u201cel [&hellip;]<\/p>\n","protected":false},"author":3,"featured_media":102581,"comment_status":"open","ping_status":"open","sticky":false,"template":"","format":"standard","meta":{"footnotes":""},"categories":[3],"tags":[],"class_list":["post-105806","post","type-post","status-publish","format-standard","has-post-thumbnail","category-masnoticias"],"_links":{"self":[{"href":"https:\/\/primicias2262.com\/noticias\/wp-json\/wp\/v2\/posts\/105806","targetHints":{"allow":["GET"]}}],"collection":[{"href":"https:\/\/primicias2262.com\/noticias\/wp-json\/wp\/v2\/posts"}],"about":[{"href":"https:\/\/primicias2262.com\/noticias\/wp-json\/wp\/v2\/types\/post"}],"author":[{"embeddable":true,"href":"https:\/\/primicias2262.com\/noticias\/wp-json\/wp\/v2\/users\/3"}],"replies":[{"embeddable":true,"href":"https:\/\/primicias2262.com\/noticias\/wp-json\/wp\/v2\/comments?post=105806"}],"version-history":[{"count":1,"href":"https:\/\/primicias2262.com\/noticias\/wp-json\/wp\/v2\/posts\/105806\/revisions"}],"predecessor-version":[{"id":105807,"href":"https:\/\/primicias2262.com\/noticias\/wp-json\/wp\/v2\/posts\/105806\/revisions\/105807"}],"wp:featuredmedia":[{"embeddable":true,"href":"https:\/\/primicias2262.com\/noticias\/wp-json\/wp\/v2\/media\/102581"}],"wp:attachment":[{"href":"https:\/\/primicias2262.com\/noticias\/wp-json\/wp\/v2\/media?parent=105806"}],"wp:term":[{"taxonomy":"category","embeddable":true,"href":"https:\/\/primicias2262.com\/noticias\/wp-json\/wp\/v2\/categories?post=105806"},{"taxonomy":"post_tag","embeddable":true,"href":"https:\/\/primicias2262.com\/noticias\/wp-json\/wp\/v2\/tags?post=105806"}],"curies":[{"name":"wp","href":"https:\/\/api.w.org\/{rel}","templated":true}]}}