{"id":105815,"date":"2024-02-05T20:04:35","date_gmt":"2024-02-05T20:04:35","guid":{"rendered":"https:\/\/primicias2262.com\/noticias\/?p=105815"},"modified":"2024-02-07T17:53:05","modified_gmt":"2024-02-07T17:53:05","slug":"la-cosecha-fina-fue-excelente-y-la-expectativa-de-una-buena-cosecha-gruesa-todavia-esta","status":"publish","type":"post","link":"https:\/\/primicias2262.com\/noticias\/la-cosecha-fina-fue-excelente-y-la-expectativa-de-una-buena-cosecha-gruesa-todavia-esta\/","title":{"rendered":"\u201cLa cosecha fina fue excelente y la expectativa de una buena cosecha gruesa todav\u00eda est\u00e1\u201d"},"content":{"rendered":"<p><strong>As\u00ed lo expres\u00f3 el integrante del INTA local, Juan Erreguerena, quien asegur\u00f3 que a pesar de las dificultades la cosecha gruesa no tendr\u00e1 nada que ver con la del a\u00f1o pasado, \u201ccon la que perdimos como pa\u00eds m\u00e1s de 20 mil millones de d\u00f3lares\u201d.<\/strong><\/p>\n<p>El referente agropecuario hizo su an\u00e1lisis del caso en \u201cVoces de la Ciudad\u201d, durante una notarealizada por el periodista Jorge G\u00f3mez, donde comenz\u00f3 hablando de la gruesa. \u201cLos cultivos hasta que se entr\u00f3 a cerrar el grifo de las lluvias ven\u00edan muy bien, hab\u00edamos tenido una excelente perspectiva y conforme fue avanzando el tema de las altas temperaturas dependiendo del sector donde est\u00e9s, con m\u00e1s o menos profundidad del suelo, se ha visto mermada la cosecha. Eso no implica que no est\u00e9 nada perdido pero entramos a los periodos m\u00e1s cr\u00edticos con alguna falta de humedad en el suelo y eso implica reducci\u00f3n de potencial de rendimiento\u201d, se\u00f1al\u00f3 este lunes por la ma\u00f1ana, aclarando que esta nota se escribe por la tarde justamente cuando se registran lluvias tan esperadas.<\/p>\n<p>No obstante, precis\u00f3 que \u201clos chaparrones aislados asociados a condiciones ambientales de altas temperaturas a veces benefician a algunos productores y a otros no&#8230; a todos los productores no los afecta de la misma manera, pero en las zonas donde hay mayor profundidad de perfil est\u00e1n con mejores condiciones\u201d.<\/p>\n<p>Confirm\u00f3 a la pasada que \u201cla cosecha fina (trigo y cebada) fue excelente, hubo lotes de hasta 8 mil kilos y promedios altos\u201d, y se refiri\u00f3 nuevamente a la gruesa (ma\u00edz, oja y girasol). \u201cHay lotes de girasol que ya est\u00e1n castigados y van a una mala cosecha, que son desde 1100 kilos hasta 2500 o 3000 kilos. Ten\u00e9s muchas variabilidades de rendimiendo, principalmente en el girasol\u201d.<\/p>\n<p>En cuanto al ma\u00edz, aclar\u00f3 que \u201cse termina de cosechar en agosto o septiembre, es el cultivo m\u00e1s importante de Argentina y nosotros en general tenemos un cosech\u00f3n de ma\u00edz\u201d, para concluir que \u201cla expectativa de una buena cosecha est\u00e1 y nada que ver a la cosecha del a\u00f1o pasado, que perdimos como pa\u00eds m\u00e1s de 20 mil millones de d\u00f3lares\u201d.<\/p>\n","protected":false},"excerpt":{"rendered":"<p>As\u00ed lo expres\u00f3 el integrante del INTA local, Juan Erreguerena, quien asegur\u00f3 que a pesar de las dificultades la cosecha gruesa no tendr\u00e1 nada que ver con la del a\u00f1o pasado, \u201ccon la que perdimos como pa\u00eds m\u00e1s de 20 mil millones de d\u00f3lares\u201d. El referente agropecuario hizo su an\u00e1lisis del caso en \u201cVoces de [&hellip;]<\/p>\n","protected":false},"author":3,"featured_media":104548,"comment_status":"open","ping_status":"open","sticky":false,"template":"","format":"standard","meta":{"footnotes":""},"categories":[3],"tags":[],"class_list":["post-105815","post","type-post","status-publish","format-standard","has-post-thumbnail","category-masnoticias"],"_links":{"self":[{"href":"https:\/\/primicias2262.com\/noticias\/wp-json\/wp\/v2\/posts\/105815","targetHints":{"allow":["GET"]}}],"collection":[{"href":"https:\/\/primicias2262.com\/noticias\/wp-json\/wp\/v2\/posts"}],"about":[{"href":"https:\/\/primicias2262.com\/noticias\/wp-json\/wp\/v2\/types\/post"}],"author":[{"embeddable":true,"href":"https:\/\/primicias2262.com\/noticias\/wp-json\/wp\/v2\/users\/3"}],"replies":[{"embeddable":true,"href":"https:\/\/primicias2262.com\/noticias\/wp-json\/wp\/v2\/comments?post=105815"}],"version-history":[{"count":1,"href":"https:\/\/primicias2262.com\/noticias\/wp-json\/wp\/v2\/posts\/105815\/revisions"}],"predecessor-version":[{"id":105816,"href":"https:\/\/primicias2262.com\/noticias\/wp-json\/wp\/v2\/posts\/105815\/revisions\/105816"}],"wp:featuredmedia":[{"embeddable":true,"href":"https:\/\/primicias2262.com\/noticias\/wp-json\/wp\/v2\/media\/104548"}],"wp:attachment":[{"href":"https:\/\/primicias2262.com\/noticias\/wp-json\/wp\/v2\/media?parent=105815"}],"wp:term":[{"taxonomy":"category","embeddable":true,"href":"https:\/\/primicias2262.com\/noticias\/wp-json\/wp\/v2\/categories?post=105815"},{"taxonomy":"post_tag","embeddable":true,"href":"https:\/\/primicias2262.com\/noticias\/wp-json\/wp\/v2\/tags?post=105815"}],"curies":[{"name":"wp","href":"https:\/\/api.w.org\/{rel}","templated":true}]}}