{"id":105908,"date":"2024-02-16T12:21:39","date_gmt":"2024-02-16T12:21:39","guid":{"rendered":"https:\/\/primicias2262.com\/noticias\/?p=105908"},"modified":"2024-02-16T12:21:39","modified_gmt":"2024-02-16T12:21:39","slug":"punto-corona-nuevas-muestras-tomadas-por-bromatologia-indican-que-el-agua-del-lugar-esta-apta-para-consumir","status":"publish","type":"post","link":"https:\/\/primicias2262.com\/noticias\/punto-corona-nuevas-muestras-tomadas-por-bromatologia-indican-que-el-agua-del-lugar-esta-apta-para-consumir\/","title":{"rendered":"Punto Corona: nuevas muestras tomadas por Bromatolog\u00eda indican que el agua del lugar est\u00e1 apta para consumir"},"content":{"rendered":"<p><strong>As\u00ed lo confirm\u00f3 el Ing. Gustavo Fuhr, profesional de carrera de Bromatolog\u00eda e Higiene del municipio, aunque aclar\u00f3 que la semana pasada en la inspecci\u00f3n anterior los resultados no hab\u00edan dado bien y luego lleg\u00f3 el episodio del fin de semana con la viralizaci\u00f3n de las im\u00e1genes y los comentarios posteriores que daban a entender que el agua generaba gastroenteritis en las personas.<\/strong><\/p>\n<p>El Ingeniero fue consultado al respecto en \u201cVoces dela Ciudad\u201d por el periodista Jorge G\u00f3mez, luego de que Punto Corona (Parador Neptuno) fuera inspeccionado nuevamente este mi\u00e9rcoles para volver a tomar muestras sobre la calidad del agua del lugar, acerca de lo que confirm\u00f3 en primer t\u00e9rmino que el agua que se utiliza en el lugar para consumo es apta.<\/p>\n<p>Explic\u00f3 cronol\u00f3gicamente que \u201cse gener\u00f3 una viralizaci\u00f3n con respecto al Parador Corona este fin de semana por el arrojo de aguas servidas a un sector del parque, pero nosotros estuvimos en el lugar la semana anterior y hubieron algunas irregularidades, por lo cual se lleg\u00f3 a una causa contravencional que a\u00fan est\u00e1 en curso y se tom\u00f3 una muestra de agua en ese instante tambi\u00e9n, la cual no dio bien\u201d.<\/p>\n<p>Posteriormente sali\u00f3 el video del fin de semana largo, \u201cpor lo cual fuimos nuevamente al lugar el mi\u00e9rcoles de esta semana y ya se hab\u00edan hecho los arreglos correspondientes, as\u00ed que se hizo el encamisado del pozo y fuimos junto con personal de Obras Sanitarias que hizo tambi\u00e9n cloraci\u00f3n del pozo con la empresa privada, limpi\u00f3 el sector del parque y las actuaciones se anexaron a la causa contravencional, y se tom\u00f3 una muestra de agua que ahora nos arroja bien\u201d, aclar\u00f3.<\/p>\n<p>Fuhr explic\u00f3 en un \u00faltimo p\u00e1rrafo que \u201cel agua tiene un proceso de cinco d\u00edas para analizar, cuando fuimos la semana pasada por otra situaci\u00f3n, se notificaron varias anomal\u00edas y se pas\u00f3 la infracci\u00f3n al Juzgado de Faltas; y en cuanto a lo del fin de semana largo, se plante\u00f3 esta situaci\u00f3n viral y el propietario del lugar hizo los arreglos durante el mismo fin de semana y cuando fuimos este mi\u00e9rcoles se cotej\u00f3 la limpieza del sector donde estuvo el arrojo de aguas servidas, pero la causa igual sigue en curso\u201d.<\/p>\n","protected":false},"excerpt":{"rendered":"<p>As\u00ed lo confirm\u00f3 el Ing. Gustavo Fuhr, profesional de carrera de Bromatolog\u00eda e Higiene del municipio, aunque aclar\u00f3 que la semana pasada en la inspecci\u00f3n anterior los resultados no hab\u00edan dado bien y luego lleg\u00f3 el episodio del fin de semana con la viralizaci\u00f3n de las im\u00e1genes y los comentarios posteriores que daban a entender [&hellip;]<\/p>\n","protected":false},"author":3,"featured_media":105909,"comment_status":"open","ping_status":"open","sticky":false,"template":"","format":"standard","meta":{"footnotes":""},"categories":[6],"tags":[],"class_list":{"0":"post-105908","1":"post","2":"type-post","3":"status-publish","4":"format-standard","5":"has-post-thumbnail","7":"category-portada2"},"_links":{"self":[{"href":"https:\/\/primicias2262.com\/noticias\/wp-json\/wp\/v2\/posts\/105908","targetHints":{"allow":["GET"]}}],"collection":[{"href":"https:\/\/primicias2262.com\/noticias\/wp-json\/wp\/v2\/posts"}],"about":[{"href":"https:\/\/primicias2262.com\/noticias\/wp-json\/wp\/v2\/types\/post"}],"author":[{"embeddable":true,"href":"https:\/\/primicias2262.com\/noticias\/wp-json\/wp\/v2\/users\/3"}],"replies":[{"embeddable":true,"href":"https:\/\/primicias2262.com\/noticias\/wp-json\/wp\/v2\/comments?post=105908"}],"version-history":[{"count":1,"href":"https:\/\/primicias2262.com\/noticias\/wp-json\/wp\/v2\/posts\/105908\/revisions"}],"predecessor-version":[{"id":105910,"href":"https:\/\/primicias2262.com\/noticias\/wp-json\/wp\/v2\/posts\/105908\/revisions\/105910"}],"wp:featuredmedia":[{"embeddable":true,"href":"https:\/\/primicias2262.com\/noticias\/wp-json\/wp\/v2\/media\/105909"}],"wp:attachment":[{"href":"https:\/\/primicias2262.com\/noticias\/wp-json\/wp\/v2\/media?parent=105908"}],"wp:term":[{"taxonomy":"category","embeddable":true,"href":"https:\/\/primicias2262.com\/noticias\/wp-json\/wp\/v2\/categories?post=105908"},{"taxonomy":"post_tag","embeddable":true,"href":"https:\/\/primicias2262.com\/noticias\/wp-json\/wp\/v2\/tags?post=105908"}],"curies":[{"name":"wp","href":"https:\/\/api.w.org\/{rel}","templated":true}]}}