{"id":105936,"date":"2024-02-19T12:19:14","date_gmt":"2024-02-19T12:19:14","guid":{"rendered":"https:\/\/primicias2262.com\/noticias\/?p=105936"},"modified":"2024-02-19T18:22:06","modified_gmt":"2024-02-19T18:22:06","slug":"se-mantienen-tres-puntos-activos-para-aplicarse-la-vacuna-contra-el-covid-19","status":"publish","type":"post","link":"https:\/\/primicias2262.com\/noticias\/se-mantienen-tres-puntos-activos-para-aplicarse-la-vacuna-contra-el-covid-19\/","title":{"rendered":"Se mantienen tres puntos activos para aplicarse la vacuna contra el Covid-19"},"content":{"rendered":"<p><strong>Los efectores son los centros de Atenci\u00f3n Primaria de la Salud \u201cSudoeste\u201d, \u201cFomento Quequ\u00e9n\u201d y \u201cDr. Carlos Fucile\u201d. Los horarios y d\u00edas de inoculaci\u00f3n var\u00edan seg\u00fan el caso. Hay recomendaciones de periodicidad de acuerdo a comorbilidades y otras caracter\u00edsticas.<\/strong><\/p>\n<p>Atendiendo las medidas preventivas ante la suba de casos de Covid-19 en distintos puntos del pa\u00eds, la Secretar\u00eda de Salud municipal recuerda que es importante que todas las personas a partir de los 6 meses de edad cuenten con esquema primario y, al menos, un refuerzo aplicado en los \u00faltimos 6 meses, adem\u00e1s de continuar con la periodicidad de acuerdo a las particularidades propias de cada una.<\/p>\n<p>Para ello, la dependencia de la comuna dispone de tres postas en las que se sigue brindando, de manera libra y totalmente gratuita, la vacunaci\u00f3n de las dosis correspondientes.<\/p>\n<div class=\"wp-block-media-text is-stacked-on-mobile is-vertically-aligned-top\">\n<div class=\"wp-block-media-text__content\">\n<p>Los nodos hacia donde se pueden dirigir los interesados en inmunizarse contra el virus son los centros de Atenci\u00f3n Primaria de la Salud \u201cSudoeste\u201d, en Avenida 58 esquina 81, los martes y viernes de 8 a 12; y \u201cFomento Quequ\u00e9n\u201d, en 519 N\u00b0 2267, los lunes, mi\u00e9rcoles, jueves y viernes en igual franja horaria.<\/p>\n<p>A estos dos, se suma en la zona de la Villa balnearia y el Puerto de Necochea el CAPS \u201cDr. Carlos Fucile\u201d, en calle 71 entre 4 y 6. En este caso, la inoculaci\u00f3n solo se realiza los martes y jueves sacando un turno previo al tel\u00e9fono 2262 483174.<\/p>\n<p>Por \u00faltimo, desde el \u00e1rea recordaron las recomendaciones emitidas por el Ministerio de Salud nacional en cuanto a la periodicidad de la vacunaci\u00f3n de acuerdo a comorbilidades y otras caracter\u00edsticas:<\/p>\n<p>En el caso de riesgo alto de Covid-19 grave, que se da en\u00a0personas de 50 a\u00f1os o mayores, personas gestantes y\u00a0personas con inmunocompromiso\u00a0a partir de los 6 meses de vida, se aplicar\u00e1 una dosis de refuerzo a los seis (6) meses desde la \u00faltima dosis aplicada y luego continuar\u00e1 con la misma periodicidad (cada 6 meses).<\/p>\n<p>Si el riesgo de Covid-19 grave es intermedio o existe una alta exposici\u00f3n laboral a SARS-CoV-2, como pasa con las personas menores de 50 a\u00f1os con comorbilidades no inmunosupresoras (enfermedades cr\u00f3nicas, obesidad), personal de salud y personal estrat\u00e9gico, la dosis de refuerzo se debe dar a los 6 meses desde la \u00faltima dosis aplicada y luego continuar con una periodicidad anual.<\/p>\n<p>Finalmente, para el riesgo bajo de Covid-19 grave, es decir, personas entre 6 meses y 49 a\u00f1os, inclusive, sin comorbilidades, la dosis de refuerzo se debe aplicar a los doce (12) meses de la \u00faltima aplicada y luego continuar con periodicidad anual.<\/p>\n<p><a href=\"https:\/\/primicias2262.com\/noticias\/wp-content\/uploads\/2024\/02\/PLACA-Vacunacion-Covid-19.jpeg\"><img loading=\"lazy\" decoding=\"async\" class=\"aligncenter size-full wp-image-105938\" src=\"https:\/\/primicias2262.com\/noticias\/wp-content\/uploads\/2024\/02\/PLACA-Vacunacion-Covid-19.jpeg\" alt=\"\" width=\"1280\" height=\"1600\" srcset=\"https:\/\/primicias2262.com\/noticias\/wp-content\/uploads\/2024\/02\/PLACA-Vacunacion-Covid-19.jpeg 1280w, https:\/\/primicias2262.com\/noticias\/wp-content\/uploads\/2024\/02\/PLACA-Vacunacion-Covid-19-240x300.jpeg 240w, https:\/\/primicias2262.com\/noticias\/wp-content\/uploads\/2024\/02\/PLACA-Vacunacion-Covid-19-819x1024.jpeg 819w, https:\/\/primicias2262.com\/noticias\/wp-content\/uploads\/2024\/02\/PLACA-Vacunacion-Covid-19-768x960.jpeg 768w, https:\/\/primicias2262.com\/noticias\/wp-content\/uploads\/2024\/02\/PLACA-Vacunacion-Covid-19-1229x1536.jpeg 1229w, https:\/\/primicias2262.com\/noticias\/wp-content\/uploads\/2024\/02\/PLACA-Vacunacion-Covid-19-150x188.jpeg 150w, https:\/\/primicias2262.com\/noticias\/wp-content\/uploads\/2024\/02\/PLACA-Vacunacion-Covid-19-300x375.jpeg 300w, https:\/\/primicias2262.com\/noticias\/wp-content\/uploads\/2024\/02\/PLACA-Vacunacion-Covid-19-696x870.jpeg 696w, https:\/\/primicias2262.com\/noticias\/wp-content\/uploads\/2024\/02\/PLACA-Vacunacion-Covid-19-1068x1335.jpeg 1068w\" sizes=\"auto, (max-width: 1280px) 100vw, 1280px\" \/><\/a><\/p>\n<\/div>\n<\/div>\n","protected":false},"excerpt":{"rendered":"<p>Los efectores son los centros de Atenci\u00f3n Primaria de la Salud \u201cSudoeste\u201d, \u201cFomento Quequ\u00e9n\u201d y \u201cDr. Carlos Fucile\u201d. Los horarios y d\u00edas de inoculaci\u00f3n var\u00edan seg\u00fan el caso. Hay recomendaciones de periodicidad de acuerdo a comorbilidades y otras caracter\u00edsticas. Atendiendo las medidas preventivas ante la suba de casos de Covid-19 en distintos puntos del pa\u00eds, [&hellip;]<\/p>\n","protected":false},"author":3,"featured_media":105937,"comment_status":"open","ping_status":"open","sticky":false,"template":"","format":"standard","meta":{"footnotes":""},"categories":[5],"tags":[],"class_list":{"0":"post-105936","1":"post","2":"type-post","3":"status-publish","4":"format-standard","5":"has-post-thumbnail","7":"category-neco"},"_links":{"self":[{"href":"https:\/\/primicias2262.com\/noticias\/wp-json\/wp\/v2\/posts\/105936","targetHints":{"allow":["GET"]}}],"collection":[{"href":"https:\/\/primicias2262.com\/noticias\/wp-json\/wp\/v2\/posts"}],"about":[{"href":"https:\/\/primicias2262.com\/noticias\/wp-json\/wp\/v2\/types\/post"}],"author":[{"embeddable":true,"href":"https:\/\/primicias2262.com\/noticias\/wp-json\/wp\/v2\/users\/3"}],"replies":[{"embeddable":true,"href":"https:\/\/primicias2262.com\/noticias\/wp-json\/wp\/v2\/comments?post=105936"}],"version-history":[{"count":1,"href":"https:\/\/primicias2262.com\/noticias\/wp-json\/wp\/v2\/posts\/105936\/revisions"}],"predecessor-version":[{"id":105939,"href":"https:\/\/primicias2262.com\/noticias\/wp-json\/wp\/v2\/posts\/105936\/revisions\/105939"}],"wp:featuredmedia":[{"embeddable":true,"href":"https:\/\/primicias2262.com\/noticias\/wp-json\/wp\/v2\/media\/105937"}],"wp:attachment":[{"href":"https:\/\/primicias2262.com\/noticias\/wp-json\/wp\/v2\/media?parent=105936"}],"wp:term":[{"taxonomy":"category","embeddable":true,"href":"https:\/\/primicias2262.com\/noticias\/wp-json\/wp\/v2\/categories?post=105936"},{"taxonomy":"post_tag","embeddable":true,"href":"https:\/\/primicias2262.com\/noticias\/wp-json\/wp\/v2\/tags?post=105936"}],"curies":[{"name":"wp","href":"https:\/\/api.w.org\/{rel}","templated":true}]}}