{"id":106317,"date":"2024-03-18T21:54:02","date_gmt":"2024-03-18T21:54:02","guid":{"rendered":"https:\/\/primicias2262.com\/noticias\/?p=106317"},"modified":"2024-03-18T21:54:02","modified_gmt":"2024-03-18T21:54:02","slug":"el-1-de-la-carga-que-alimenta-al-mundo-sale-de-puerto-quequen","status":"publish","type":"post","link":"https:\/\/primicias2262.com\/noticias\/el-1-de-la-carga-que-alimenta-al-mundo-sale-de-puerto-quequen\/","title":{"rendered":"\u201cEl 1% de la carga que alimenta al mundo sale de Puerto Quequ\u00e9n\u201d"},"content":{"rendered":"<p>La licenciada Jimena Lopez, presidenta del Consorcio de Gesti\u00f3n Puerto Quequ\u00e9n, afirm\u00f3 que \u201cel 1% de la carga que alimenta al mundo sale de la estaci\u00f3n mar\u00edtima local\u201d, destacando la importancia de la misma para toda la cadena agro alimentacia de la regi\u00f3n.<\/p>\n<p>Subray\u00f3 que son 15.000 las toneladas que se generan en la regi\u00f3n sudeste y que, si bien es record, solamente 7.000 salen por Puerto Quequ\u00e9n, por lo que su compromiso es lograr mayor volumen de negocios para el mismo.<\/p>\n<p>Asimismo, destac\u00f3 que se empez\u00f3 a trabajar con la comunidad para mejorar la traza y circulaci\u00f3n de camiones en Quequ\u00e9n y en tal sentido mantuvo un di\u00e1logo con el Intendente Municipal, Dr. Arturo Rojas, para que habilite el di\u00e1logo con los funcionarios responsables, afirmando que \u201ctodos los actores que estamos implicados en lo que es la log\u00edstica, la producci\u00f3n y la exportaci\u00f3n tenemos responsabilidad para con la comunidad, por lo que podemos conformar una mesa de coordinaci\u00f3n para sentarnos y hacer una planificaci\u00f3n para mejorar la calidad de vida de la gente\u201d.<\/p>\n<p>En el mismo sentido, en di\u00e1logo con el periodista Jorge G\u00f3mez, destac\u00f3 que \u201chay un estudio muy interesante de la universidad referida al tema, destacando que el Directorio le pidi\u00f3 ordenar las relaciones con la comunidad, por lo que mantuvo reuniones con el Dr. Luciano Cardoni, Defensor del Pueblo, ya que es quien representa al pueblo en la mesa de trabajo.<\/p>\n<p>Confirm\u00f3 la presidenta del CGPQ que declararon una emergencia de 120 d\u00edas porque \u201cHay que pensar desaf\u00edos. El agro y los exportadores reclaman la b\u00fasqueda de nuevos clientes\u201d.<\/p>\n<p>Refiri\u00e9ndose al trabajo t\u00e9cnico de los trabajadores del Consorcio destac\u00f3 la predisposici\u00f3n de los mismos, confirmando que el 30% son mujeres, manifestando asimismo el agrado del directorio por el nombramiento del Dr. Fernando Ciancaglini como Gerente General.<\/p>\n<p>Concluy\u00f3 informando el desaf\u00edo que significa la instalaci\u00f3n de la malter\u00eda con una inversi\u00f3n de 160 millones de d\u00f3lares, 700 puestos de trabajo para su construcci\u00f3n y entre 120 y 130 puestos fijos adentro del edificio.<\/p>\n<p>En referencia al tiempo que tard\u00f3 su nombramiento coment\u00f3 que el Gobernador de la Provincia de Buenos Aires firma y lee personalmente cada uno de los proyectos que llegan a su escritorio y que por tal raz\u00f3n tard\u00f3 mucho la firma de su nombramiento como Presidente del ente portuario.<\/p>\n<p>Finalmente asegur\u00f3 que se avanz\u00f3 en un acuerdo con Prefectura Naval Argentina para que se encargue de toda la seguridad de Puerto Quequ\u00e9n ya que \u201csomos el puerto m\u00e1s r\u00e1pido de Argentina, en solo 15 minutos conecta el r\u00edo con el mar\u201d manifestando su deseo que para Necochea<\/p>\n<p>\u201cquiero mas industrias instaladas, debemos fortificar la identidad tur\u00edstica y fortalecer la universidad\u201d.<\/p>\n<p>El 30 de marzo el CGPQ festeja los 30 a\u00f1os de constituci\u00f3n en Puerto Gardella desde las 15hs. Con espect\u00e1culos para ni\u00f1os y mayores con la intenci\u00f3n de volver a conectar el Puerto con la comunidad.<\/p>\n","protected":false},"excerpt":{"rendered":"<p>La licenciada Jimena Lopez, presidenta del Consorcio de Gesti\u00f3n Puerto Quequ\u00e9n, afirm\u00f3 que \u201cel 1% de la carga que alimenta al mundo sale de la estaci\u00f3n mar\u00edtima local\u201d, destacando la importancia de la misma para toda la cadena agro alimentacia de la regi\u00f3n. Subray\u00f3 que son 15.000 las toneladas que se generan en la regi\u00f3n [&hellip;]<\/p>\n","protected":false},"author":3,"featured_media":106318,"comment_status":"open","ping_status":"open","sticky":false,"template":"","format":"standard","meta":{"footnotes":""},"categories":[6],"tags":[],"class_list":{"0":"post-106317","1":"post","2":"type-post","3":"status-publish","4":"format-standard","5":"has-post-thumbnail","7":"category-portada2"},"_links":{"self":[{"href":"https:\/\/primicias2262.com\/noticias\/wp-json\/wp\/v2\/posts\/106317","targetHints":{"allow":["GET"]}}],"collection":[{"href":"https:\/\/primicias2262.com\/noticias\/wp-json\/wp\/v2\/posts"}],"about":[{"href":"https:\/\/primicias2262.com\/noticias\/wp-json\/wp\/v2\/types\/post"}],"author":[{"embeddable":true,"href":"https:\/\/primicias2262.com\/noticias\/wp-json\/wp\/v2\/users\/3"}],"replies":[{"embeddable":true,"href":"https:\/\/primicias2262.com\/noticias\/wp-json\/wp\/v2\/comments?post=106317"}],"version-history":[{"count":1,"href":"https:\/\/primicias2262.com\/noticias\/wp-json\/wp\/v2\/posts\/106317\/revisions"}],"predecessor-version":[{"id":106319,"href":"https:\/\/primicias2262.com\/noticias\/wp-json\/wp\/v2\/posts\/106317\/revisions\/106319"}],"wp:featuredmedia":[{"embeddable":true,"href":"https:\/\/primicias2262.com\/noticias\/wp-json\/wp\/v2\/media\/106318"}],"wp:attachment":[{"href":"https:\/\/primicias2262.com\/noticias\/wp-json\/wp\/v2\/media?parent=106317"}],"wp:term":[{"taxonomy":"category","embeddable":true,"href":"https:\/\/primicias2262.com\/noticias\/wp-json\/wp\/v2\/categories?post=106317"},{"taxonomy":"post_tag","embeddable":true,"href":"https:\/\/primicias2262.com\/noticias\/wp-json\/wp\/v2\/tags?post=106317"}],"curies":[{"name":"wp","href":"https:\/\/api.w.org\/{rel}","templated":true}]}}