{"id":106344,"date":"2024-03-19T20:11:28","date_gmt":"2024-03-19T20:11:28","guid":{"rendered":"https:\/\/primicias2262.com\/noticias\/?p=106344"},"modified":"2024-03-19T20:11:28","modified_gmt":"2024-03-19T20:11:28","slug":"como-seran-los-actos-oficiales-por-el-dia-del-veterano-y-los-caidos-en-la-guerra-de-malvinas","status":"publish","type":"post","link":"https:\/\/primicias2262.com\/noticias\/como-seran-los-actos-oficiales-por-el-dia-del-veterano-y-los-caidos-en-la-guerra-de-malvinas\/","title":{"rendered":"C\u00f3mo ser\u00e1n los actos oficiales por el D\u00eda del Veterano y los Ca\u00eddos en la guerra de Malvinas"},"content":{"rendered":"<p><strong>Los homenajes comenzar\u00e1n con una vigilia llegando a la medianoche del lunes 1\u00ba de abril. En la ma\u00f1ana del martes 2, se entregar\u00e1n ofrendas florales en la Plaza Dardo Rocha y el Acto Oficial ser\u00e1 en el Monumento de Quequ\u00e9n desde las 11.<\/strong><\/p>\n<p>Como cada a\u00f1o, el pr\u00f3ximo martes 2 de abril se recordar\u00e1 en todo el pa\u00eds a los veteranos y ca\u00eddos en el conflicto del Atl\u00e1ntico Sur, por lo que el intendente Arturo Rojas, en representaci\u00f3n de todo el Departamento Ejecutivo municipal, invita a la comunidad a participar de los actos conmemorativos que se realizar\u00e1n en las ciudades de Necochea y Quequ\u00e9n.<\/p>\n<p><a href=\"https:\/\/primicias2262.com\/noticias\/wp-content\/uploads\/2024\/03\/Malvinas.jpeg\"><img loading=\"lazy\" decoding=\"async\" class=\"aligncenter size-large wp-image-106345\" src=\"https:\/\/primicias2262.com\/noticias\/wp-content\/uploads\/2024\/03\/Malvinas-819x1024.jpeg\" alt=\"\" width=\"696\" height=\"870\" srcset=\"https:\/\/primicias2262.com\/noticias\/wp-content\/uploads\/2024\/03\/Malvinas-819x1024.jpeg 819w, https:\/\/primicias2262.com\/noticias\/wp-content\/uploads\/2024\/03\/Malvinas-240x300.jpeg 240w, https:\/\/primicias2262.com\/noticias\/wp-content\/uploads\/2024\/03\/Malvinas-768x960.jpeg 768w, https:\/\/primicias2262.com\/noticias\/wp-content\/uploads\/2024\/03\/Malvinas-1229x1536.jpeg 1229w, https:\/\/primicias2262.com\/noticias\/wp-content\/uploads\/2024\/03\/Malvinas-150x188.jpeg 150w, https:\/\/primicias2262.com\/noticias\/wp-content\/uploads\/2024\/03\/Malvinas-300x375.jpeg 300w, https:\/\/primicias2262.com\/noticias\/wp-content\/uploads\/2024\/03\/Malvinas-696x870.jpeg 696w, https:\/\/primicias2262.com\/noticias\/wp-content\/uploads\/2024\/03\/Malvinas-1068x1335.jpeg 1068w, https:\/\/primicias2262.com\/noticias\/wp-content\/uploads\/2024\/03\/Malvinas.jpeg 1280w\" sizes=\"auto, (max-width: 696px) 100vw, 696px\" \/><\/a><\/p>\n<p>En primera instancia, el homenaje comenzar\u00e1 llegando a la medianoche del lunes 1\u00ba, precisamente a las 23:45, con una vigilia en el Monumento a la Gesta de Malvinas, ubicado en Avenida Almirante Brown entre calles 520 y 522.<\/p>\n<p>La segunda parte de la conmemoraci\u00f3n ser\u00e1 el mismo 2 de abril desde las 10, con la colocaci\u00f3n de\u00a0ofrendas florales en el monolito de calle 56 y 59. Posteriormente, y para finalizar las ceremonias institucionales, se dar\u00e1 el Acto Oficial con la presencia de autoridades de la comuna y distintas fuerzas e instituciones intermedias, nuevamente al pie de la gran obra inaugurada en 1999 en Quequ\u00e9n, y a partir de las 11 de la ma\u00f1ana.<\/p>\n","protected":false},"excerpt":{"rendered":"<p>Los homenajes comenzar\u00e1n con una vigilia llegando a la medianoche del lunes 1\u00ba de abril. En la ma\u00f1ana del martes 2, se entregar\u00e1n ofrendas florales en la Plaza Dardo Rocha y el Acto Oficial ser\u00e1 en el Monumento de Quequ\u00e9n desde las 11. Como cada a\u00f1o, el pr\u00f3ximo martes 2 de abril se recordar\u00e1 en [&hellip;]<\/p>\n","protected":false},"author":3,"featured_media":106346,"comment_status":"open","ping_status":"open","sticky":false,"template":"","format":"standard","meta":{"footnotes":""},"categories":[5],"tags":[],"class_list":{"0":"post-106344","1":"post","2":"type-post","3":"status-publish","4":"format-standard","5":"has-post-thumbnail","7":"category-neco"},"_links":{"self":[{"href":"https:\/\/primicias2262.com\/noticias\/wp-json\/wp\/v2\/posts\/106344","targetHints":{"allow":["GET"]}}],"collection":[{"href":"https:\/\/primicias2262.com\/noticias\/wp-json\/wp\/v2\/posts"}],"about":[{"href":"https:\/\/primicias2262.com\/noticias\/wp-json\/wp\/v2\/types\/post"}],"author":[{"embeddable":true,"href":"https:\/\/primicias2262.com\/noticias\/wp-json\/wp\/v2\/users\/3"}],"replies":[{"embeddable":true,"href":"https:\/\/primicias2262.com\/noticias\/wp-json\/wp\/v2\/comments?post=106344"}],"version-history":[{"count":1,"href":"https:\/\/primicias2262.com\/noticias\/wp-json\/wp\/v2\/posts\/106344\/revisions"}],"predecessor-version":[{"id":106347,"href":"https:\/\/primicias2262.com\/noticias\/wp-json\/wp\/v2\/posts\/106344\/revisions\/106347"}],"wp:featuredmedia":[{"embeddable":true,"href":"https:\/\/primicias2262.com\/noticias\/wp-json\/wp\/v2\/media\/106346"}],"wp:attachment":[{"href":"https:\/\/primicias2262.com\/noticias\/wp-json\/wp\/v2\/media?parent=106344"}],"wp:term":[{"taxonomy":"category","embeddable":true,"href":"https:\/\/primicias2262.com\/noticias\/wp-json\/wp\/v2\/categories?post=106344"},{"taxonomy":"post_tag","embeddable":true,"href":"https:\/\/primicias2262.com\/noticias\/wp-json\/wp\/v2\/tags?post=106344"}],"curies":[{"name":"wp","href":"https:\/\/api.w.org\/{rel}","templated":true}]}}