{"id":106880,"date":"2024-04-12T14:03:24","date_gmt":"2024-04-12T14:03:24","guid":{"rendered":"https:\/\/primicias2262.com\/noticias\/?p=106880"},"modified":"2024-04-12T15:43:53","modified_gmt":"2024-04-12T15:43:53","slug":"cuando-sectores-tan-reaccionarios-pretenden-reformar-las-condiciones-de-trabajo-uno-tiembla-y-se-preocupa","status":"publish","type":"post","link":"https:\/\/primicias2262.com\/noticias\/cuando-sectores-tan-reaccionarios-pretenden-reformar-las-condiciones-de-trabajo-uno-tiembla-y-se-preocupa\/","title":{"rendered":"\u201cCuando sectores tan reaccionarios pretenden reformar las condiciones de trabajo uno tiembla y se preocupa\u201d"},"content":{"rendered":"<p><strong>El secretario General de la CGT Necochea, Demian Ledesma, brind\u00f3 su opini\u00f3n sobre la realidad local y nacional en el marco de una nota realizada por el periodista Jorge G\u00f3mez en \u201cVoces de la Ciudad\u201d.<\/strong><\/p>\n<p>Ledesma comenz\u00f3 expresando que \u201cno s\u00e9 cu\u00e1l es el componente de esperanza y cu\u00e1l es el componente de rechazo a lo anterior que se reflej\u00f3 en el caudal de votos de Milei, pero entiendo que hay bastante de las dos cosas. Hay sectores de la poblaci\u00f3n que sostienen un margen de acompa\u00f1amiento a Milei porque est\u00e1n todav\u00eda muy golpeados por los malos gobiernos que hemos venido padeciendo\u201d.<\/p>\n<p>Ahora bien, alert\u00f3 que \u201cuno de los art\u00edculos que plantean en el gobierno actual es encarar una reforma laboral y esto nos preocupa bastante en los sectores del trabajo. Cuando sectores tan conservadores y reaccionarios pretenden reformar las condiciones de trabajo uno tiembla y se preocupa. Los precios tienden a subir y con este gobierno los salarios y los derechos tienden a bajar\u201d.<\/p>\n<p>Adem\u00e1s, remarc\u00f3 que \u201cveo un gobierno que es novedoso o sorprendente en la nueva f\u00f3rmula de vincularse que le propone a la sociedad, con altos niveles de violencia discursiva y empuja hacia el ejercicio ilegal de la fuerza. Demuestran expresiones de burla o alegr\u00eda por el da\u00f1o que provocan, celebran el dolor de los despidos, es una crueldad de la que hacen fruto desmesurado\u201d.<\/p>\n<p>En ese contexto, el l\u00edder cegetista reflexion\u00f3 que \u201clos niveles de resentimiento que se han instalado en la sociedad son preocupantes, con altos niveles de violencia. Tendr\u00edamos que ser gobernados por lo mejor de nosotros y que se parezca a nosotros, y este no es el caso\u201d.<\/p>\n<p>Finalmente, defendi\u00f3 a la clase trabajadora y a la pasada dej\u00f3 alguna cr\u00edtica al sector comercial. \u201cEl sector trabajador formal en gran medida que conforma el colectivo de la clase media es el que paga impuestos, de hecho ahora est\u00e1n avanzando sobre la restituci\u00f3n del impuesto a las ganancias, y qui\u00e9n te cre\u00e9s que va a pagar eso\u2026 la clase trabajadora\u201d.<\/p>\n<p>En esa l\u00ednea se pregunt\u00f3 ret\u00f3ricamente: \u201c\u00bfVos te cre\u00e9s que el sector comercial de Necochea tributa lo que tiene que tributar?\u201d, para argumentar que \u201cyo los escucho a los representantes de las c\u00e1maras comerciales y empresariales de Necochea decir que tienen una carga impositiva oprobiosa que no les permite respirar y que la situaci\u00f3n que est\u00e1n viviendo hoy es in\u00e9dita y los tienen contra las cuerdas, pero ninguno dice que el gobierno es malo\u201d.<\/p>\n","protected":false},"excerpt":{"rendered":"<p>El secretario General de la CGT Necochea, Demian Ledesma, brind\u00f3 su opini\u00f3n sobre la realidad local y nacional en el marco de una nota realizada por el periodista Jorge G\u00f3mez en \u201cVoces de la Ciudad\u201d. Ledesma comenz\u00f3 expresando que \u201cno s\u00e9 cu\u00e1l es el componente de esperanza y cu\u00e1l es el componente de rechazo a [&hellip;]<\/p>\n","protected":false},"author":3,"featured_media":106882,"comment_status":"open","ping_status":"open","sticky":false,"template":"","format":"standard","meta":{"footnotes":""},"categories":[6],"tags":[],"class_list":{"0":"post-106880","1":"post","2":"type-post","3":"status-publish","4":"format-standard","5":"has-post-thumbnail","7":"category-portada2"},"_links":{"self":[{"href":"https:\/\/primicias2262.com\/noticias\/wp-json\/wp\/v2\/posts\/106880","targetHints":{"allow":["GET"]}}],"collection":[{"href":"https:\/\/primicias2262.com\/noticias\/wp-json\/wp\/v2\/posts"}],"about":[{"href":"https:\/\/primicias2262.com\/noticias\/wp-json\/wp\/v2\/types\/post"}],"author":[{"embeddable":true,"href":"https:\/\/primicias2262.com\/noticias\/wp-json\/wp\/v2\/users\/3"}],"replies":[{"embeddable":true,"href":"https:\/\/primicias2262.com\/noticias\/wp-json\/wp\/v2\/comments?post=106880"}],"version-history":[{"count":1,"href":"https:\/\/primicias2262.com\/noticias\/wp-json\/wp\/v2\/posts\/106880\/revisions"}],"predecessor-version":[{"id":106881,"href":"https:\/\/primicias2262.com\/noticias\/wp-json\/wp\/v2\/posts\/106880\/revisions\/106881"}],"wp:featuredmedia":[{"embeddable":true,"href":"https:\/\/primicias2262.com\/noticias\/wp-json\/wp\/v2\/media\/106882"}],"wp:attachment":[{"href":"https:\/\/primicias2262.com\/noticias\/wp-json\/wp\/v2\/media?parent=106880"}],"wp:term":[{"taxonomy":"category","embeddable":true,"href":"https:\/\/primicias2262.com\/noticias\/wp-json\/wp\/v2\/categories?post=106880"},{"taxonomy":"post_tag","embeddable":true,"href":"https:\/\/primicias2262.com\/noticias\/wp-json\/wp\/v2\/tags?post=106880"}],"curies":[{"name":"wp","href":"https:\/\/api.w.org\/{rel}","templated":true}]}}