{"id":106891,"date":"2024-04-13T14:41:23","date_gmt":"2024-04-13T14:41:23","guid":{"rendered":"https:\/\/primicias2262.com\/noticias\/?p=106891"},"modified":"2024-04-12T18:08:50","modified_gmt":"2024-04-12T18:08:50","slug":"consejo-escolar-el-tema-del-gas-es-algo-que-nos-tiene-en-vilo-a-todos-pero-estamos-avanzando","status":"publish","type":"post","link":"https:\/\/primicias2262.com\/noticias\/consejo-escolar-el-tema-del-gas-es-algo-que-nos-tiene-en-vilo-a-todos-pero-estamos-avanzando\/","title":{"rendered":"Consejo Escolar: \u201cEl tema del gas es algo que nos tiene en vilo a todos pero estamos avanzando\u201d"},"content":{"rendered":"<p><strong>As\u00ed lo indic\u00f3 en \u201cVoces de la Ciudad\u201d la presidenta del Consejo Escolar de Necochea, Paula Arg\u00fcello, en referencia a las obras prioritarias de gas en los establecimientos educativos, m\u00e1xime ante la llegada de las bajas temperaturas.<\/strong><\/p>\n<p>La directiva reconoci\u00f3 que \u201cel tema gas en las escuelas del distrito nos tiene en vilo a todos: al Consejo, a las escuelas, al Consejo Escolar, al gobierno de la Provincia y al intendente Arturo Rojas, quien ha tomado la decisi\u00f3n de acompa\u00f1arnos en dos obras que estar\u00e1n iniciadas prontamente a partir de la semana que viene\u201d.<\/p>\n<p>En tal sentido inform\u00f3 que \u201cel pasado lunes se hizo el giro de dinero desde el municipio para afrontar el tema del gas de la Escuela Primaria N\u00ba 14 y la Secundaria N\u00ba 19 de Juan N. Fern\u00e1ndez, lo cual para nosotros es un gran alivio en estos tiempos donde no tenemos tantos ingresos pero s\u00ed muchas demandas de gas, as\u00ed que estamos agradecidas y orgullosas por el compromiso del Intendente\u201d.<\/p>\n<p><iframe loading=\"lazy\" title=\"Voces de la ciudad- Paula Arguello\" width=\"696\" height=\"392\" src=\"https:\/\/www.youtube.com\/embed\/nwkuomDfXUw?feature=oembed\" frameborder=\"0\" allow=\"accelerometer; autoplay; clipboard-write; encrypted-media; gyroscope; picture-in-picture; web-share\" referrerpolicy=\"strict-origin-when-cross-origin\" allowfullscreen><\/iframe><\/p>\n<p>En simult\u00e1neo a ello report\u00f3 que \u201cestamos trabajando tambi\u00e9n en la Primaria N\u00ba 5 de La Dulce con el informe t\u00e9cnico y es posible que nos puedan acompa\u00f1ar en la localidad; y estamos avanzando mucho con las refacciones que indic\u00f3 el Enargas en los diferentes establecimientos: tanto en Secundaria N\u00ba 1, como en la T\u00e9cnica N\u00ba 2 y en el Centro de Formaci\u00f3n Profesional N\u00ba 401\u201d.<\/p>\n<p>Finalmente, Arg\u00fcello asegur\u00f3 que \u201cestamos en constante contacto con la Provincia para saber de cu\u00e1nto estamos hablando, de cu\u00e1nto es cada inversi\u00f3n y en cu\u00e1nto tiempo lo vamos a hacer\u201d, y \u201cvamos a garantizar como hicimos en el interior del distrito los comedores con gas envasado porque queremos que los chicos est\u00e9n en las escuelas, y una escuela de jornada completa necesita s\u00ed o s\u00ed el comedor\u201d, enfatiz\u00f3.<\/p>\n","protected":false},"excerpt":{"rendered":"<p>As\u00ed lo indic\u00f3 en \u201cVoces de la Ciudad\u201d la presidenta del Consejo Escolar de Necochea, Paula Arg\u00fcello, en referencia a las obras prioritarias de gas en los establecimientos educativos, m\u00e1xime ante la llegada de las bajas temperaturas. La directiva reconoci\u00f3 que \u201cel tema gas en las escuelas del distrito nos tiene en vilo a todos: [&hellip;]<\/p>\n","protected":false},"author":3,"featured_media":106892,"comment_status":"open","ping_status":"open","sticky":false,"template":"","format":"standard","meta":{"footnotes":""},"categories":[5],"tags":[],"class_list":{"0":"post-106891","1":"post","2":"type-post","3":"status-publish","4":"format-standard","5":"has-post-thumbnail","7":"category-neco"},"_links":{"self":[{"href":"https:\/\/primicias2262.com\/noticias\/wp-json\/wp\/v2\/posts\/106891","targetHints":{"allow":["GET"]}}],"collection":[{"href":"https:\/\/primicias2262.com\/noticias\/wp-json\/wp\/v2\/posts"}],"about":[{"href":"https:\/\/primicias2262.com\/noticias\/wp-json\/wp\/v2\/types\/post"}],"author":[{"embeddable":true,"href":"https:\/\/primicias2262.com\/noticias\/wp-json\/wp\/v2\/users\/3"}],"replies":[{"embeddable":true,"href":"https:\/\/primicias2262.com\/noticias\/wp-json\/wp\/v2\/comments?post=106891"}],"version-history":[{"count":2,"href":"https:\/\/primicias2262.com\/noticias\/wp-json\/wp\/v2\/posts\/106891\/revisions"}],"predecessor-version":[{"id":106909,"href":"https:\/\/primicias2262.com\/noticias\/wp-json\/wp\/v2\/posts\/106891\/revisions\/106909"}],"wp:featuredmedia":[{"embeddable":true,"href":"https:\/\/primicias2262.com\/noticias\/wp-json\/wp\/v2\/media\/106892"}],"wp:attachment":[{"href":"https:\/\/primicias2262.com\/noticias\/wp-json\/wp\/v2\/media?parent=106891"}],"wp:term":[{"taxonomy":"category","embeddable":true,"href":"https:\/\/primicias2262.com\/noticias\/wp-json\/wp\/v2\/categories?post=106891"},{"taxonomy":"post_tag","embeddable":true,"href":"https:\/\/primicias2262.com\/noticias\/wp-json\/wp\/v2\/tags?post=106891"}],"curies":[{"name":"wp","href":"https:\/\/api.w.org\/{rel}","templated":true}]}}