{"id":107195,"date":"2024-04-26T11:53:16","date_gmt":"2024-04-26T11:53:16","guid":{"rendered":"https:\/\/primicias2262.com\/noticias\/?p=107195"},"modified":"2024-04-26T11:53:16","modified_gmt":"2024-04-26T11:53:16","slug":"vuelve-la-polemica-a-las-aulas-si-prohibir-o-no-el-uso-de-celulares","status":"publish","type":"post","link":"https:\/\/primicias2262.com\/noticias\/vuelve-la-polemica-a-las-aulas-si-prohibir-o-no-el-uso-de-celulares\/","title":{"rendered":"Vuelve la pol\u00e9mica a las aulas: si prohibir o no el uso de celulares"},"content":{"rendered":"<div class=\"article-body\" data-tadevel-template=\"web\/article-body\">\n<div class=\"article-body-content\">\n<p>Cada tanto se reaviva la pol\u00e9mica sobre el <strong>uso de los celulares inteligentes en las aulas por parte de los alumnos:<\/strong> si perjudican o tornan accesible el aprendizaje, y lo mismo con la <strong>salud mental<\/strong>.<\/p>\n<p>El a\u00f1o pasado, el organismo de la ONU para la Educaci\u00f3n, la Ciencia y la Cultura (UNESCO) advirti\u00f3 en su Informe de <strong>Seguimiento de la Educaci\u00f3n en el Mundo<\/strong> que debe prestarse una atenci\u00f3n similar al modo en que se utiliza <strong>la revoluci\u00f3n digital en la educaci\u00f3n.<\/strong><\/p>\n<p>Y que<strong>\u00a0la tecnolog\u00eda solamente se utilice en clase cuando sirva de apoyo a los resultados del aprendizaje, <\/strong>lo que incluye el uso de smartphones.<\/p>\n<p>Se pidi\u00f3 una<strong> prohibici\u00f3n mundial de los tel\u00e9fonos inteligentes en las escuelas <\/strong>a fin de abordar las <strong>interrupciones que provocan en las aulas y proteger a los ni\u00f1os del ciberacoso.<\/strong><\/p>\n<p>Fue alertado el resgo de que <strong>los dispositivos m\u00f3viles se convieran en una fuente de distracci\u00f3n constante para los estudiantes<\/strong>, interrumpiendo el <strong>proceso de aprendizaje y reduciendo la concentraci\u00f3n en clase.\u00a0<\/strong><\/p>\n<p><strong>Sara Abrahamsson<\/strong>, del Instituto Noruego de Salud P\u00fablica, reaviv\u00f3 la llama en torno de una gran preocupaci\u00f3n para las escuelas, los padres y los formuladores de pol\u00edticas: <strong>c\u00f3mo el uso de tel\u00e9fonos inteligentes afecta el bienestar y el aprendizaje entre ni\u00f1os y adolescentes.\u00a0<\/strong><\/p>\n<p>Inst\u00f3 a <strong>prohibir los tel\u00e9fonos inteligentes en las escuelas<\/strong> por ser una herramienta pol\u00edtica de bajo costo para <strong>mejorar los resultados de los estudiantes.<\/strong><\/p>\n<h3><strong>Pol\u00edticas de tel\u00e9fonos inteligentes<\/strong><\/h3>\n<p>Datos administrativos detallados combinados con encuestas sobre las <strong>pol\u00edticas de tel\u00e9fonos inteligentes de las escuelas secundarias,<\/strong> junto con un dise\u00f1o de estudio de eventos, mostraron que <strong>prohibir los tel\u00e9fonos inteligentes \u201cdisminuir\u00eda significativamente la demanda de atenci\u00f3n m\u00e9dica para s\u00edntomas y enfermedades psicol\u00f3gicas entre las ni\u00f1as\u201d.\u00a0<\/strong><\/p>\n<p>Pero al mismo tiempo, disminuir\u00eda el acoso posprohibici\u00f3n entre ambos sexos.<\/p>\n<p>Adem\u00e1s, la calificaci\u00f3n de las ni\u00f1as (el Grade Point Average), sobre todo las de <strong>niveles socioecon\u00f3micos bajos, <\/strong>mejora y <strong>aumenta su probabilidad de asistir a una carrera acad\u00e9mica en la escuela secundaria.\u00a0<\/strong><\/p>\n<p>El uso cada vez mayor de la <strong>tecnolog\u00eda,<\/strong> en particular tel\u00e9fonos inteligentes, por parte de ni\u00f1os y adolescentes, genera preocupaci\u00f3n sobre los e<strong>fectos en el desarrollo cognitivo, f\u00edsico y socioemocional de los j\u00f3venes.\u00a0<\/strong><\/p>\n<p>En los pa\u00edses de la OCDE, <strong>m\u00e1s del 90% de los adolescentes afirman poseer un tel\u00e9fono inteligente o tener acceso a uno.\u00a0<\/strong><\/p>\n<p>En promedio,<strong> los adolescentes pasan tres horas en l\u00ednea por d\u00eda fuera de la escuela.<\/strong><\/p>\n<p>M\u00e1s del 20% afirma<strong> pasar m\u00e1s de 6 horas en l\u00ednea fuera del horario escolar,<\/strong> se\u00f1ala Abrahamsson.<\/p>\n<h3>La tecnolog\u00eda y el aprendizaje<\/h3>\n<p><strong>Dar\u00edo \u00c1lvarez Klar<\/strong>, educador y presidente ejecutivo de la Asociaci\u00f3n Civil HUB educaci\u00f3n e innovaci\u00f3n, no est\u00e1 de acuerdo en que se afecte el desarrollo de los j\u00f3venes y, por el contrario, sostiene que <strong>\u00aba trav\u00e9s de la tecnolog\u00eda se hace accesible el aprendizaje\u201d.\u00a0<\/strong><\/p>\n<p>La acad\u00e9mica noruega afirma que <strong>la salud mental de los adolescentes empeor\u00f3 al promediar lo que va del siglo debido al tiempo que est\u00e1n frente a la pantalla<\/strong>, y en particular al <strong>mayor uso de las redes sociales, <\/strong>a las que calific\u00f3 de <strong>adictivas y da\u00f1inas<\/strong> y que alimentan una <strong>experiencia de inadecuaci\u00f3n sobre su vida o apariencia personal. .<\/strong><\/p>\n<p>Pone como ejemplo que en 2019, <strong>el 29 % de las adolescentes y el 10 % de los adolescentes en su pa\u00eds informaron tener problemas de depresi\u00f3n o ansiedad.\u00a0<\/strong><\/p>\n<p>Otro enfoque, m\u00e1s conceptual, como el que publicaron en<strong> University of Chicago Press Journals <\/strong>J<strong>ohn Deighton, Jacob Goldenberg y Andrew T. Stephen<\/strong>, para la Revista de la Asociaci\u00f3n para la Investigaci\u00f3n del Consumidor,\u00a0contextualiza <strong>c\u00f3mo el marketing y el comportamiento del consumidor fueron revolucionados en la \u00faltima d\u00e9cada por las tecnolog\u00edas de comunicaciones m\u00f3viles<\/strong>, que junto con las <strong>redes sociales <\/strong>y otros programas y servicios \u00abconectados\u00bb que se ejecutan en dispositivos m\u00f3viles,<strong>cambiaron radicalmente la forma en que las personas viven sus vidas.<\/strong><\/p>\n<p>\u201cDe manera bastante abrupta en una d\u00e9cada, ya no estamos atados a la ubicaci\u00f3n, y nuestras conexiones no est\u00e1n obligadas a ser epis\u00f3dicas, incluso cuando estamos separados por la distancia\u201d, sostiene.<\/p>\n<h3>El poder del encuentro<\/h3>\n<p>Dos mil millones de personas con tel\u00e9fonos inteligentes viven con el poder de <strong>encontrarse y, de mutuo acuerdo, de seguirse en casi todo momento, <\/strong>y 1.860 millones usan, al menos una vez al mes, las redes sociales que se montan en Facebook, justifica.<\/p>\n<p>Nadie en ning\u00fan lugar con un tel\u00e9fono m\u00f3vil est\u00e1 fuera de su alcance, de hecho, fuera de la vista, excepto voluntariamente.<\/p>\n<p>El mundo se volvi\u00f3 m\u00e1s peque\u00f1o, la informaci\u00f3n se hizo visible y se difunde a la velocidad de la luz.<\/p>\n<p>En lugar de prohibir que se usen, <strong>Ward, Duke, Gnezy y Bos<\/strong> proponen <strong>asignar tiempo para estar lejos del dispositivo m\u00f3vil<\/strong>, ya que su mera presencia, <strong>incluso si est\u00e1 boca abajo o apagado,<\/strong> puede afectar el <strong>rendimiento cognitivo de una persona.\u00a0<\/strong><\/p>\n<p>Advierten que el simple hecho de<strong> tener el tel\u00e9fono inteligente cerca, cuando se hace algo no relacionado, <\/strong>puede ocupar los <strong>recursos mentales de una persona y reducir su capacidad cognitiva.\u00a0<\/strong><\/p>\n<p>A contramano, <strong>los tel\u00e9fonos m\u00f3viles juegan un papel cada vez m\u00e1s importante en la vida de los ni\u00f1os<\/strong>.<\/p>\n<p>Padres, pedagogos, psic\u00f3logos, tecn\u00f3logos, publicistas, fabricantes y comerciantes tienen opiniones dispares sobre el tema.<\/p>\n<p>La directora general de UNESCO, <strong>Audrey Azoulay, <\/strong>declar\u00f3 hace poco que si bien estos dispositivos inteligentes encierran un potencial inconmensurable, <strong>la sociedad, incluida la escuela, deber\u00eda regular su uso.<\/strong><\/p>\n<\/div>\n<\/div>\n","protected":false},"excerpt":{"rendered":"<p>Cada tanto se reaviva la pol\u00e9mica sobre el uso de los celulares inteligentes en las aulas por parte de los alumnos: si perjudican o tornan accesible el aprendizaje, y lo mismo con la salud mental. El a\u00f1o pasado, el organismo de la ONU para la Educaci\u00f3n, la Ciencia y la Cultura (UNESCO) advirti\u00f3 en su [&hellip;]<\/p>\n","protected":false},"author":3,"featured_media":107196,"comment_status":"open","ping_status":"open","sticky":false,"template":"","format":"standard","meta":{"footnotes":""},"categories":[7],"tags":[],"class_list":["post-107195","post","type-post","status-publish","format-standard","has-post-thumbnail","category-nac"],"_links":{"self":[{"href":"https:\/\/primicias2262.com\/noticias\/wp-json\/wp\/v2\/posts\/107195","targetHints":{"allow":["GET"]}}],"collection":[{"href":"https:\/\/primicias2262.com\/noticias\/wp-json\/wp\/v2\/posts"}],"about":[{"href":"https:\/\/primicias2262.com\/noticias\/wp-json\/wp\/v2\/types\/post"}],"author":[{"embeddable":true,"href":"https:\/\/primicias2262.com\/noticias\/wp-json\/wp\/v2\/users\/3"}],"replies":[{"embeddable":true,"href":"https:\/\/primicias2262.com\/noticias\/wp-json\/wp\/v2\/comments?post=107195"}],"version-history":[{"count":2,"href":"https:\/\/primicias2262.com\/noticias\/wp-json\/wp\/v2\/posts\/107195\/revisions"}],"predecessor-version":[{"id":107198,"href":"https:\/\/primicias2262.com\/noticias\/wp-json\/wp\/v2\/posts\/107195\/revisions\/107198"}],"wp:featuredmedia":[{"embeddable":true,"href":"https:\/\/primicias2262.com\/noticias\/wp-json\/wp\/v2\/media\/107196"}],"wp:attachment":[{"href":"https:\/\/primicias2262.com\/noticias\/wp-json\/wp\/v2\/media?parent=107195"}],"wp:term":[{"taxonomy":"category","embeddable":true,"href":"https:\/\/primicias2262.com\/noticias\/wp-json\/wp\/v2\/categories?post=107195"},{"taxonomy":"post_tag","embeddable":true,"href":"https:\/\/primicias2262.com\/noticias\/wp-json\/wp\/v2\/tags?post=107195"}],"curies":[{"name":"wp","href":"https:\/\/api.w.org\/{rel}","templated":true}]}}