{"id":107203,"date":"2024-04-26T11:55:39","date_gmt":"2024-04-26T11:55:39","guid":{"rendered":"https:\/\/primicias2262.com\/noticias\/?p=107203"},"modified":"2024-04-26T11:55:39","modified_gmt":"2024-04-26T11:55:39","slug":"como-quedo-la-reforma-laboral-suavizada-que-consensuo-el-gobierno-con-la-oposicion","status":"publish","type":"post","link":"https:\/\/primicias2262.com\/noticias\/como-quedo-la-reforma-laboral-suavizada-que-consensuo-el-gobierno-con-la-oposicion\/","title":{"rendered":"C\u00f3mo qued\u00f3 la reforma laboral suavizada que consensu\u00f3 el Gobierno con la oposici\u00f3n"},"content":{"rendered":"<div class=\"article-body\" data-tadevel-template=\"web\/article-body\">\n<div class=\"article-body-content\">\n<p>El dictamen final de la <strong>reforma laboral<\/strong> que incluye la Ley de Bases del gobierno de <strong>Javier Milei<\/strong> consigui\u00f3 el respaldo de la oposici\u00f3n dialoguista, luego de <strong>varias modificaciones que suavizaron la propuesta inicial.<\/strong><\/p>\n<p>Hasta \u00faltimo momento se discuti\u00f3 la modificaci\u00f3n laboral que propuso el oficialismo, que finalmente qued\u00f3<strong> reducida a la extensi\u00f3n del per\u00edodo de prueba, el fondo de cese laboral optativo a determinar en los convenios colectivos de trabajo como alternativa a las indemnizaciones (de hasta 8% de las remuneraciones), y la derogaci\u00f3n de multas por no registraci\u00f3n laboral.<\/strong><\/p>\n<p>Tambi\u00e9n fue borrado del texto original el art\u00edculo que establec\u00eda penas de 6 meses a 3 a\u00f1os de prisi\u00f3n a quienes bloquearan empresas en el marco de pujas salariales o laborales.<\/p>\n<p>La limpieza de los puntos m\u00e1s controvertidos desde la mirada de los gremios se dio a pedido de diputados como el jefe del bloque de Hacemos Coalici\u00f3n Federal, <strong>Miguel \u00c1ngel Pichetto, que no quiso firmar un dictamen que tocara fibras sensibles para la CGT.<\/strong><\/p>\n<p>M\u00e1s a\u00fan teniendo en cuenta que la Ley Bases se va a intentar aprobar en una sesi\u00f3n que se extender\u00eda entre lunes 29 y martes 30, un d\u00eda antes de la movilizaci\u00f3n por el D\u00eda del Trabajador y del paro general convocado para el 9 de mayo por la central.<\/p>\n<p>En cuanto a los <strong>per\u00edodos de prueba<\/strong> (com\u00fanmente llamados \u00abpasant\u00edas\u00bb), que actualmente son de tres meses, la propuesta es extenderlos a seis meses para empresas de m\u00e1s de 100 trabajadores, de 8 meses para PyMES de 6 a 99 trabajadores, y de un a\u00f1o para minipymes de hasta 5 trabajadores.<\/p>\n<p>La empresa solamente podr\u00e1 contratar a un trabajador bajo la figura del per\u00edodo de prueba una sola vez.<\/p>\n<p>La utilizaci\u00f3n abusiva del per\u00edodo de prueba para evitar la efectivizaci\u00f3n de un trabajador es pasible de sanciones.<\/p>\n<p>Otro aspecto fundamental de la ley Bases es el R\u00e9gimen de Incentivo para Grandes Inversiones (RIGI), que establece beneficios para acelerar la toma de decisiones de inversi\u00f3n para proyectos de m\u00e1s de 200 millones de d\u00f3lares.<\/p>\n<\/div>\n<\/div>\n","protected":false},"excerpt":{"rendered":"<p>El dictamen final de la reforma laboral que incluye la Ley de Bases del gobierno de Javier Milei consigui\u00f3 el respaldo de la oposici\u00f3n dialoguista, luego de varias modificaciones que suavizaron la propuesta inicial. Hasta \u00faltimo momento se discuti\u00f3 la modificaci\u00f3n laboral que propuso el oficialismo, que finalmente qued\u00f3 reducida a la extensi\u00f3n del per\u00edodo [&hellip;]<\/p>\n","protected":false},"author":3,"featured_media":107204,"comment_status":"open","ping_status":"open","sticky":false,"template":"","format":"standard","meta":{"footnotes":""},"categories":[7],"tags":[],"class_list":["post-107203","post","type-post","status-publish","format-standard","has-post-thumbnail","category-nac"],"_links":{"self":[{"href":"https:\/\/primicias2262.com\/noticias\/wp-json\/wp\/v2\/posts\/107203","targetHints":{"allow":["GET"]}}],"collection":[{"href":"https:\/\/primicias2262.com\/noticias\/wp-json\/wp\/v2\/posts"}],"about":[{"href":"https:\/\/primicias2262.com\/noticias\/wp-json\/wp\/v2\/types\/post"}],"author":[{"embeddable":true,"href":"https:\/\/primicias2262.com\/noticias\/wp-json\/wp\/v2\/users\/3"}],"replies":[{"embeddable":true,"href":"https:\/\/primicias2262.com\/noticias\/wp-json\/wp\/v2\/comments?post=107203"}],"version-history":[{"count":2,"href":"https:\/\/primicias2262.com\/noticias\/wp-json\/wp\/v2\/posts\/107203\/revisions"}],"predecessor-version":[{"id":107206,"href":"https:\/\/primicias2262.com\/noticias\/wp-json\/wp\/v2\/posts\/107203\/revisions\/107206"}],"wp:featuredmedia":[{"embeddable":true,"href":"https:\/\/primicias2262.com\/noticias\/wp-json\/wp\/v2\/media\/107204"}],"wp:attachment":[{"href":"https:\/\/primicias2262.com\/noticias\/wp-json\/wp\/v2\/media?parent=107203"}],"wp:term":[{"taxonomy":"category","embeddable":true,"href":"https:\/\/primicias2262.com\/noticias\/wp-json\/wp\/v2\/categories?post=107203"},{"taxonomy":"post_tag","embeddable":true,"href":"https:\/\/primicias2262.com\/noticias\/wp-json\/wp\/v2\/tags?post=107203"}],"curies":[{"name":"wp","href":"https:\/\/api.w.org\/{rel}","templated":true}]}}