{"id":107264,"date":"2024-04-29T12:00:34","date_gmt":"2024-04-29T12:00:34","guid":{"rendered":"https:\/\/primicias2262.com\/noticias\/?p=107264"},"modified":"2024-04-30T21:07:53","modified_gmt":"2024-04-30T21:07:53","slug":"la-camara-de-diputados-aprobo-en-general-la-ley-de-bases-de-milei","status":"publish","type":"post","link":"https:\/\/primicias2262.com\/noticias\/la-camara-de-diputados-aprobo-en-general-la-ley-de-bases-de-milei\/","title":{"rendered":"La C\u00e1mara de Diputados aprob\u00f3 en general la ley de Bases de Milei"},"content":{"rendered":"<h5 class=\"article-deck\"><strong>Fue por 142 afirmativos, 106 negativos y 5 abstenciones. Tras una ronda de cuestiones de privilegio, los diputados iniciar\u00e1n la votaci\u00f3n en particular. Posteriormente, votar\u00e1n en general el paquete fiscal.<\/strong><\/h5>\n<div class=\"article-body-content\">\n<p>La C\u00e1mara de Diputados de la Naci\u00f3n aprob\u00f3 esta ma\u00f1ana la ley de Bases y Puntos de Partida en general. Fue por<strong> 142 afirmativos<\/strong>, <strong>106 negativos<\/strong> y <strong>5 abstenciones<\/strong>.<\/p>\n<p>Tras una ronda de cuestiones de privilegio, los legisladores votar\u00e1n en particular el mega proyecto. Por lo tanto, se espera que para el mediod\u00eda la C\u00e1mara baja inicie la votaci\u00f3n en general, y posteriormente, en particular, del <strong>paquete fiscal<\/strong>.<\/p>\n<\/div>\n","protected":false},"excerpt":{"rendered":"<p>Fue por 142 afirmativos, 106 negativos y 5 abstenciones. Tras una ronda de cuestiones de privilegio, los diputados iniciar\u00e1n la votaci\u00f3n en particular. Posteriormente, votar\u00e1n en general el paquete fiscal. La C\u00e1mara de Diputados de la Naci\u00f3n aprob\u00f3 esta ma\u00f1ana la ley de Bases y Puntos de Partida en general. Fue por 142 afirmativos, 106 [&hellip;]<\/p>\n","protected":false},"author":3,"featured_media":107265,"comment_status":"open","ping_status":"open","sticky":false,"template":"","format":"standard","meta":{"footnotes":""},"categories":[7],"tags":[],"class_list":["post-107264","post","type-post","status-publish","format-standard","has-post-thumbnail","category-nac"],"_links":{"self":[{"href":"https:\/\/primicias2262.com\/noticias\/wp-json\/wp\/v2\/posts\/107264","targetHints":{"allow":["GET"]}}],"collection":[{"href":"https:\/\/primicias2262.com\/noticias\/wp-json\/wp\/v2\/posts"}],"about":[{"href":"https:\/\/primicias2262.com\/noticias\/wp-json\/wp\/v2\/types\/post"}],"author":[{"embeddable":true,"href":"https:\/\/primicias2262.com\/noticias\/wp-json\/wp\/v2\/users\/3"}],"replies":[{"embeddable":true,"href":"https:\/\/primicias2262.com\/noticias\/wp-json\/wp\/v2\/comments?post=107264"}],"version-history":[{"count":1,"href":"https:\/\/primicias2262.com\/noticias\/wp-json\/wp\/v2\/posts\/107264\/revisions"}],"predecessor-version":[{"id":107266,"href":"https:\/\/primicias2262.com\/noticias\/wp-json\/wp\/v2\/posts\/107264\/revisions\/107266"}],"wp:featuredmedia":[{"embeddable":true,"href":"https:\/\/primicias2262.com\/noticias\/wp-json\/wp\/v2\/media\/107265"}],"wp:attachment":[{"href":"https:\/\/primicias2262.com\/noticias\/wp-json\/wp\/v2\/media?parent=107264"}],"wp:term":[{"taxonomy":"category","embeddable":true,"href":"https:\/\/primicias2262.com\/noticias\/wp-json\/wp\/v2\/categories?post=107264"},{"taxonomy":"post_tag","embeddable":true,"href":"https:\/\/primicias2262.com\/noticias\/wp-json\/wp\/v2\/tags?post=107264"}],"curies":[{"name":"wp","href":"https:\/\/api.w.org\/{rel}","templated":true}]}}