{"id":107748,"date":"2024-05-22T18:09:11","date_gmt":"2024-05-22T18:09:11","guid":{"rendered":"https:\/\/primicias2262.com\/noticias\/?p=107748"},"modified":"2024-05-22T18:09:11","modified_gmt":"2024-05-22T18:09:11","slug":"ley-de-bases-y-paquete-fiscal-en-el-senado-mas-dudas-sobre-el-dictamen","status":"publish","type":"post","link":"https:\/\/primicias2262.com\/noticias\/ley-de-bases-y-paquete-fiscal-en-el-senado-mas-dudas-sobre-el-dictamen\/","title":{"rendered":"Ley de Bases y paquete fiscal en el Senado: m\u00e1s dudas sobre el dictamen"},"content":{"rendered":"<p>El <strong>Senado de la Naci\u00f3n<\/strong> retom\u00f3 esta ma\u00f1ana el plenario de comisiones que trata la<a href=\"https:\/\/noticiasargentinas.com\/politica\/para-mayans--darle-facultades-delegadas-a-milei-es-como-entregarle-un-arma-de-fuego_a664e1229855bb14d61d3ac5b\"> ley de Bases<\/a> en un mar de dudas con respecto a la firma del dictamen que La Libertad Avanza apura, apalancado en un grupo de senadores aliados, entre ellos, el senador y l\u00edder del bloque Cambio Federal,<strong> Juan\u00a0<\/strong><br \/>\n<strong>Carlos Romero <\/strong>(Salta).<\/p>\n<p>Seg\u00fan explic\u00f3 Romero, el objetivo del oficialismo es hacer correr el dictamen este mi\u00e9rcoles. Se trata de dos textos, el primero, es el de ley de Bases y, el segundo, es el paquete fiscal, ayer fuertemente cuestionado por el senador kirchnerista <strong>Fernando Salino<\/strong> (San Luis) y el radical<strong> Mart\u00edn Lousteau<\/strong> (CABA).<\/p>\n<p>En este contexto, para responder las dudas del kirchnerismo y parte del radicalismo, el Gobierno ten\u00eda en carpeta enviar a funcionarios a la comisi\u00f3n de Presupuesto y Hacienda. Sin embargo, <strong>no est\u00e1 claro que as\u00ed sea<\/strong> ya que la plenaria de ley de Bases entr\u00f3 en cuarto intermedio hasta las 14. Al momento, tampoco hay claridad por la visita de funcionarios.<\/p>\n","protected":false},"excerpt":{"rendered":"<p>El Senado de la Naci\u00f3n retom\u00f3 esta ma\u00f1ana el plenario de comisiones que trata la ley de Bases en un mar de dudas con respecto a la firma del dictamen que La Libertad Avanza apura, apalancado en un grupo de senadores aliados, entre ellos, el senador y l\u00edder del bloque Cambio Federal, Juan\u00a0 Carlos Romero [&hellip;]<\/p>\n","protected":false},"author":3,"featured_media":107749,"comment_status":"open","ping_status":"open","sticky":false,"template":"","format":"standard","meta":{"footnotes":""},"categories":[7],"tags":[],"class_list":["post-107748","post","type-post","status-publish","format-standard","has-post-thumbnail","category-nac"],"_links":{"self":[{"href":"https:\/\/primicias2262.com\/noticias\/wp-json\/wp\/v2\/posts\/107748","targetHints":{"allow":["GET"]}}],"collection":[{"href":"https:\/\/primicias2262.com\/noticias\/wp-json\/wp\/v2\/posts"}],"about":[{"href":"https:\/\/primicias2262.com\/noticias\/wp-json\/wp\/v2\/types\/post"}],"author":[{"embeddable":true,"href":"https:\/\/primicias2262.com\/noticias\/wp-json\/wp\/v2\/users\/3"}],"replies":[{"embeddable":true,"href":"https:\/\/primicias2262.com\/noticias\/wp-json\/wp\/v2\/comments?post=107748"}],"version-history":[{"count":1,"href":"https:\/\/primicias2262.com\/noticias\/wp-json\/wp\/v2\/posts\/107748\/revisions"}],"predecessor-version":[{"id":107750,"href":"https:\/\/primicias2262.com\/noticias\/wp-json\/wp\/v2\/posts\/107748\/revisions\/107750"}],"wp:featuredmedia":[{"embeddable":true,"href":"https:\/\/primicias2262.com\/noticias\/wp-json\/wp\/v2\/media\/107749"}],"wp:attachment":[{"href":"https:\/\/primicias2262.com\/noticias\/wp-json\/wp\/v2\/media?parent=107748"}],"wp:term":[{"taxonomy":"category","embeddable":true,"href":"https:\/\/primicias2262.com\/noticias\/wp-json\/wp\/v2\/categories?post=107748"},{"taxonomy":"post_tag","embeddable":true,"href":"https:\/\/primicias2262.com\/noticias\/wp-json\/wp\/v2\/tags?post=107748"}],"curies":[{"name":"wp","href":"https:\/\/api.w.org\/{rel}","templated":true}]}}