{"id":107984,"date":"2024-06-03T15:36:55","date_gmt":"2024-06-03T15:36:55","guid":{"rendered":"https:\/\/primicias2262.com\/noticias\/?p=107984"},"modified":"2024-06-03T15:36:55","modified_gmt":"2024-06-03T15:36:55","slug":"la-municipalidad-nego-la-deuda-reclamada-por-la-usina-y-la-intimo-a-cesar-con-su-conducta-extorsiva","status":"publish","type":"post","link":"https:\/\/primicias2262.com\/noticias\/la-municipalidad-nego-la-deuda-reclamada-por-la-usina-y-la-intimo-a-cesar-con-su-conducta-extorsiva\/","title":{"rendered":"La Municipalidad neg\u00f3 la deuda reclamada por la Usina y la intim\u00f3 a cesar con su \u201cconducta extorsiva\u201d"},"content":{"rendered":"<p><strong>A trav\u00e9s de la Secretar\u00eda de Legal y T\u00e9cnica, la Municipalidad de Necochea envi\u00f3 esta ma\u00f1ana de lunes 3 de junio una carta documento a la Usina Popular Cooperativa \u201cSebasti\u00e1n De Mar\u00eda\u201d para intimar a sus autoridades a que procedan \u201cde manera fehaciente\u201d y en el plazo de treinta (30) d\u00edas corridos, a informar en forma cierta, clara y detallada la composici\u00f3n de una \u201csupuesta deuda reclamada\u201d por el monto de 1.324.801.527 pesos.<\/strong><\/p>\n<p>El escrito solicita que se indiquen periodos reclamados, individualizando medidores, consumo el\u00e9ctrico, fecha y n\u00famero de las facturas a las cuales corresponde la supuesta deuda, y se \u201chaga entrega de copia de todas las facturas que dar\u00edan sustento a su pretenso reclamo\u201d, bajo apercibimiento de lo dispuesto por el art\u00edculo 31 de la Ley 24.240, debiendo \u201cindemnizar a este Municipio con un cr\u00e9dito equivalente al veinticinco por ciento (% 25) del importe reclamado indebidamente\u201d.<\/p>\n<p>En la carta, el Departamento Ejecutivo niega rotundamente que la Municipalidad de Necochea adeude la suma reclamada y califica a la conducta de la cooperativa el\u00e9ctrica y el irrazonable reclamo p\u00fablico como una \u201cactitud tribunera y meramente propagand\u00edstica, carente de m\u00ednima seriedad y sinceridad, con el \u00fanico fin de ocasionar intencionalmente da\u00f1os y llevar confusi\u00f3n e infundir temor en la poblaci\u00f3n\u201d.<\/p>\n<p>Asimismo, considera que el importe reclamado \u201cno posee sustento ni correlato contable alguno con las constancias presentadas y obrantes en poder de este Municipio\u201d, por lo que considera al reclamo como \u201cextorsivo\u201d y carente \u201cde todo contenido factico, contable y jur\u00eddico\u201d.<\/p>\n<p>Finalmente, intima a la Usina Popular Cooperativa a abstenerse de interrumpir los suministros el\u00e9ctricos y cesar en forma inmediata con la \u201cconducta extorsiva y perjudicial a toda la poblaci\u00f3n de Necochea y Quequ\u00e9n, bajo apercibimiento de instar las acciones administrativas, civiles y penales que pudieren corresponder\u201d.<\/p>\n<p><a href=\"https:\/\/primicias2262.com\/noticias\/wp-content\/uploads\/2024\/06\/WhatsApp-Image-2024-06-03-at-12.32.43-PM.jpeg\"><img loading=\"lazy\" decoding=\"async\" class=\"aligncenter size-full wp-image-107985\" src=\"https:\/\/primicias2262.com\/noticias\/wp-content\/uploads\/2024\/06\/WhatsApp-Image-2024-06-03-at-12.32.43-PM.jpeg\" alt=\"\" width=\"763\" height=\"1280\" srcset=\"https:\/\/primicias2262.com\/noticias\/wp-content\/uploads\/2024\/06\/WhatsApp-Image-2024-06-03-at-12.32.43-PM.jpeg 763w, https:\/\/primicias2262.com\/noticias\/wp-content\/uploads\/2024\/06\/WhatsApp-Image-2024-06-03-at-12.32.43-PM-179x300.jpeg 179w, https:\/\/primicias2262.com\/noticias\/wp-content\/uploads\/2024\/06\/WhatsApp-Image-2024-06-03-at-12.32.43-PM-610x1024.jpeg 610w, https:\/\/primicias2262.com\/noticias\/wp-content\/uploads\/2024\/06\/WhatsApp-Image-2024-06-03-at-12.32.43-PM-150x252.jpeg 150w, https:\/\/primicias2262.com\/noticias\/wp-content\/uploads\/2024\/06\/WhatsApp-Image-2024-06-03-at-12.32.43-PM-300x503.jpeg 300w, https:\/\/primicias2262.com\/noticias\/wp-content\/uploads\/2024\/06\/WhatsApp-Image-2024-06-03-at-12.32.43-PM-696x1168.jpeg 696w\" sizes=\"auto, (max-width: 763px) 100vw, 763px\" \/><\/a><\/p>\n","protected":false},"excerpt":{"rendered":"<p>A trav\u00e9s de la Secretar\u00eda de Legal y T\u00e9cnica, la Municipalidad de Necochea envi\u00f3 esta ma\u00f1ana de lunes 3 de junio una carta documento a la Usina Popular Cooperativa \u201cSebasti\u00e1n De Mar\u00eda\u201d para intimar a sus autoridades a que procedan \u201cde manera fehaciente\u201d y en el plazo de treinta (30) d\u00edas corridos, a informar en [&hellip;]<\/p>\n","protected":false},"author":3,"featured_media":100281,"comment_status":"open","ping_status":"open","sticky":false,"template":"","format":"standard","meta":{"footnotes":""},"categories":[6],"tags":[],"class_list":{"0":"post-107984","1":"post","2":"type-post","3":"status-publish","4":"format-standard","5":"has-post-thumbnail","7":"category-portada2"},"_links":{"self":[{"href":"https:\/\/primicias2262.com\/noticias\/wp-json\/wp\/v2\/posts\/107984","targetHints":{"allow":["GET"]}}],"collection":[{"href":"https:\/\/primicias2262.com\/noticias\/wp-json\/wp\/v2\/posts"}],"about":[{"href":"https:\/\/primicias2262.com\/noticias\/wp-json\/wp\/v2\/types\/post"}],"author":[{"embeddable":true,"href":"https:\/\/primicias2262.com\/noticias\/wp-json\/wp\/v2\/users\/3"}],"replies":[{"embeddable":true,"href":"https:\/\/primicias2262.com\/noticias\/wp-json\/wp\/v2\/comments?post=107984"}],"version-history":[{"count":1,"href":"https:\/\/primicias2262.com\/noticias\/wp-json\/wp\/v2\/posts\/107984\/revisions"}],"predecessor-version":[{"id":107986,"href":"https:\/\/primicias2262.com\/noticias\/wp-json\/wp\/v2\/posts\/107984\/revisions\/107986"}],"wp:featuredmedia":[{"embeddable":true,"href":"https:\/\/primicias2262.com\/noticias\/wp-json\/wp\/v2\/media\/100281"}],"wp:attachment":[{"href":"https:\/\/primicias2262.com\/noticias\/wp-json\/wp\/v2\/media?parent=107984"}],"wp:term":[{"taxonomy":"category","embeddable":true,"href":"https:\/\/primicias2262.com\/noticias\/wp-json\/wp\/v2\/categories?post=107984"},{"taxonomy":"post_tag","embeddable":true,"href":"https:\/\/primicias2262.com\/noticias\/wp-json\/wp\/v2\/tags?post=107984"}],"curies":[{"name":"wp","href":"https:\/\/api.w.org\/{rel}","templated":true}]}}