{"id":107987,"date":"2024-06-04T14:35:33","date_gmt":"2024-06-04T14:35:33","guid":{"rendered":"https:\/\/primicias2262.com\/noticias\/?p=107987"},"modified":"2024-06-04T14:37:41","modified_gmt":"2024-06-04T14:37:41","slug":"valiante-se-refirio-a-la-fiscal-impositiva-y-sento-postura-sobre-la-entrega-de-los-alimentos-desde-nacion","status":"publish","type":"post","link":"https:\/\/primicias2262.com\/noticias\/valiante-se-refirio-a-la-fiscal-impositiva-y-sento-postura-sobre-la-entrega-de-los-alimentos-desde-nacion\/","title":{"rendered":"Valiante se refiri\u00f3 a la Fiscal Impositiva y sent\u00f3 postura sobre la entrega de alimentos desde Naci\u00f3n"},"content":{"rendered":"<p><strong>Temas varios se abordaron en la mesa de \u201cVoces de la Ciudad\u201d junto al periodista Jorge G\u00f3mez y el concejal de Crear M\u00e1s Libertad, Mariano Valiante.<\/strong><\/p>\n<p>En referencia a la Fiscal Impositiva y el nuevo valor de las tasas municipales, manifest\u00f3 que \u201cestoy un poco sorprendido porque no cre\u00edmos que lo iban a bajar esta semana. Nosotros le dimos anteriormente el acompa\u00f1amiento porque cre\u00edamos que era l\u00f3gico y conveniente un aumento en las tasas, y ahora estamos trabajando, no tenemos todav\u00eda una posici\u00f3n tomada, vemos primero lo que pide el Ejecutivo y nosotros tratamos de abordarlo de diferentes perspectivas y veremos si es conveniente\u201d.<\/p>\n<p>Tambi\u00e9n se refiri\u00f3 a un tema muy pol\u00e9mico en el gobierno nacional que tiene que ver con la entrega de alimentos, sobre lo que sent\u00f3 una clara postura: \u201cEs un tema preocupante c\u00f3mo se est\u00e1 llevando adelante la situaci\u00f3n, ya que es un proceso que demanda aceleraci\u00f3n y hay que garantizar que los alimentos lleguen\u201d, para afirmar y argumentar que \u201cyo soy un convencido de que la ayuda de los alimentos tiene que llegar a los municipios, un intendente no se va a incendiar por 10 paquetes de fideos ni lo usar\u00e1 para hacer pol\u00edtica porque la gente ya no cree en eso, y que el municipio se encargue de distribuirlo\u201d.<\/p>\n<p>Asimismo, dio una mirada sobre el conflicto municipio-Usina, lo que defini\u00f3 como \u201ctironeo medi\u00e1tico\u201d, pero afirm\u00f3 que \u201ces l\u00f3gico que la Municipalidad exija un plan de inversi\u00f3n, ya que se le va a dar la concesi\u00f3n por 30 a\u00f1os m\u00e1s\u201d, y acot\u00f3 que \u201choy en la ciudad hace tres o cuatro meses que no se cambia una lamparita, es cr\u00edtico y es engorroso para el vecino hacer un reclamo y que no tenga respuesta. La imagen de la usina en la ciudad es mala, desde el HCD nos vamos a encargar de que la informaci\u00f3n que salga sea la correcta, vamos a mediar, hay que juntar a ambas partes y ver cu\u00e1l es la voluntad de di\u00e1logo de cada uno\u201d.<\/p>\n","protected":false},"excerpt":{"rendered":"<p>Temas varios se abordaron en la mesa de \u201cVoces de la Ciudad\u201d junto al periodista Jorge G\u00f3mez y el concejal de Crear M\u00e1s Libertad, Mariano Valiante. En referencia a la Fiscal Impositiva y el nuevo valor de las tasas municipales, manifest\u00f3 que \u201cestoy un poco sorprendido porque no cre\u00edmos que lo iban a bajar esta [&hellip;]<\/p>\n","protected":false},"author":3,"featured_media":107988,"comment_status":"open","ping_status":"open","sticky":false,"template":"","format":"standard","meta":{"footnotes":""},"categories":[5],"tags":[],"class_list":{"0":"post-107987","1":"post","2":"type-post","3":"status-publish","4":"format-standard","5":"has-post-thumbnail","7":"category-neco"},"_links":{"self":[{"href":"https:\/\/primicias2262.com\/noticias\/wp-json\/wp\/v2\/posts\/107987","targetHints":{"allow":["GET"]}}],"collection":[{"href":"https:\/\/primicias2262.com\/noticias\/wp-json\/wp\/v2\/posts"}],"about":[{"href":"https:\/\/primicias2262.com\/noticias\/wp-json\/wp\/v2\/types\/post"}],"author":[{"embeddable":true,"href":"https:\/\/primicias2262.com\/noticias\/wp-json\/wp\/v2\/users\/3"}],"replies":[{"embeddable":true,"href":"https:\/\/primicias2262.com\/noticias\/wp-json\/wp\/v2\/comments?post=107987"}],"version-history":[{"count":2,"href":"https:\/\/primicias2262.com\/noticias\/wp-json\/wp\/v2\/posts\/107987\/revisions"}],"predecessor-version":[{"id":108004,"href":"https:\/\/primicias2262.com\/noticias\/wp-json\/wp\/v2\/posts\/107987\/revisions\/108004"}],"wp:featuredmedia":[{"embeddable":true,"href":"https:\/\/primicias2262.com\/noticias\/wp-json\/wp\/v2\/media\/107988"}],"wp:attachment":[{"href":"https:\/\/primicias2262.com\/noticias\/wp-json\/wp\/v2\/media?parent=107987"}],"wp:term":[{"taxonomy":"category","embeddable":true,"href":"https:\/\/primicias2262.com\/noticias\/wp-json\/wp\/v2\/categories?post=107987"},{"taxonomy":"post_tag","embeddable":true,"href":"https:\/\/primicias2262.com\/noticias\/wp-json\/wp\/v2\/tags?post=107987"}],"curies":[{"name":"wp","href":"https:\/\/api.w.org\/{rel}","templated":true}]}}