{"id":108086,"date":"2024-06-06T22:08:00","date_gmt":"2024-06-06T22:08:00","guid":{"rendered":"https:\/\/primicias2262.com\/noticias\/?p=108086"},"modified":"2024-06-06T22:08:00","modified_gmt":"2024-06-06T22:08:00","slug":"lanzaron-lineas-de-credito-y-asesoramiento-para-pymes-y-comercios","status":"publish","type":"post","link":"https:\/\/primicias2262.com\/noticias\/lanzaron-lineas-de-credito-y-asesoramiento-para-pymes-y-comercios\/","title":{"rendered":"Lanzaron l\u00edneas de cr\u00e9dito y asesoramiento para Pymes y comercios"},"content":{"rendered":"<p><strong>La convocatoria estar\u00e1 abierta el 30 de junio y brinda financiamiento de hasta 5 y 6 millones de pesos para emprendedores y comercios, a tasa cero y destinados a inversi\u00f3n productiva y capital de trabajo asociado. Para las microempresas el l\u00edmite se extiende a $11 millones, pero con bonificaci\u00f3n de la tasa de inter\u00e9s.<\/strong><\/p>\n<p>La Secretar\u00eda de Turismo y Desarrollo Productivo de la Municipalidad de Necochea informa que estar\u00e1 abierta hasta el domingo 30 de junio una convocatoria provincial para emprendedores y emprendedoras que quieran acceder a cr\u00e9ditos de hasta 5 millones de pesos, a tasa cero y destinados a inversi\u00f3n productiva y capital de trabajo asociado.<\/p>\n<p>El programa surge de la iniciativa del Ministerio de Producci\u00f3n, Ciencia y Tecnolog\u00eda bonaerense en un trabajo articulado con el Banco Provincia, desde donde se brinda tambi\u00e9n la posibilidad de acceder a un plan de cr\u00e9ditos para microempresas de hasta $11 millones, para inversi\u00f3n productiva y capital de trabajo y con bonificaci\u00f3n de la tasa de inter\u00e9s.<\/p>\n<p>Por su parte, los comercios que busquen formalizar su negocio y fortalecer su proceso de comercializaci\u00f3n podr\u00e1n acceder a cr\u00e9ditos a tasa cero de hasta $6 millones, con igual destino que los anteriores.<\/p>\n<p>Cabe se\u00f1alar que las \u201cHerramientas para el desarrollo emprendedor\u201d lanzadas por el Gobierno bonaerense son parte de las pol\u00edticas p\u00fablicas provinciales que, adem\u00e1s de brindar financiamiento econ\u00f3mico, colaboran en la formaci\u00f3n de recursos humanos, el asesoramiento t\u00e9cnico y dan impulso comercial a diversos proyectos, con especial acento en las micro, medianas y peque\u00f1as empresas.<\/p>\n","protected":false},"excerpt":{"rendered":"<p>La convocatoria estar\u00e1 abierta el 30 de junio y brinda financiamiento de hasta 5 y 6 millones de pesos para emprendedores y comercios, a tasa cero y destinados a inversi\u00f3n productiva y capital de trabajo asociado. Para las microempresas el l\u00edmite se extiende a $11 millones, pero con bonificaci\u00f3n de la tasa de inter\u00e9s. La [&hellip;]<\/p>\n","protected":false},"author":3,"featured_media":108087,"comment_status":"open","ping_status":"open","sticky":false,"template":"","format":"standard","meta":{"footnotes":""},"categories":[5],"tags":[],"class_list":{"0":"post-108086","1":"post","2":"type-post","3":"status-publish","4":"format-standard","5":"has-post-thumbnail","7":"category-neco"},"_links":{"self":[{"href":"https:\/\/primicias2262.com\/noticias\/wp-json\/wp\/v2\/posts\/108086","targetHints":{"allow":["GET"]}}],"collection":[{"href":"https:\/\/primicias2262.com\/noticias\/wp-json\/wp\/v2\/posts"}],"about":[{"href":"https:\/\/primicias2262.com\/noticias\/wp-json\/wp\/v2\/types\/post"}],"author":[{"embeddable":true,"href":"https:\/\/primicias2262.com\/noticias\/wp-json\/wp\/v2\/users\/3"}],"replies":[{"embeddable":true,"href":"https:\/\/primicias2262.com\/noticias\/wp-json\/wp\/v2\/comments?post=108086"}],"version-history":[{"count":1,"href":"https:\/\/primicias2262.com\/noticias\/wp-json\/wp\/v2\/posts\/108086\/revisions"}],"predecessor-version":[{"id":108088,"href":"https:\/\/primicias2262.com\/noticias\/wp-json\/wp\/v2\/posts\/108086\/revisions\/108088"}],"wp:featuredmedia":[{"embeddable":true,"href":"https:\/\/primicias2262.com\/noticias\/wp-json\/wp\/v2\/media\/108087"}],"wp:attachment":[{"href":"https:\/\/primicias2262.com\/noticias\/wp-json\/wp\/v2\/media?parent=108086"}],"wp:term":[{"taxonomy":"category","embeddable":true,"href":"https:\/\/primicias2262.com\/noticias\/wp-json\/wp\/v2\/categories?post=108086"},{"taxonomy":"post_tag","embeddable":true,"href":"https:\/\/primicias2262.com\/noticias\/wp-json\/wp\/v2\/tags?post=108086"}],"curies":[{"name":"wp","href":"https:\/\/api.w.org\/{rel}","templated":true}]}}