{"id":108332,"date":"2024-06-18T21:16:36","date_gmt":"2024-06-18T21:16:36","guid":{"rendered":"https:\/\/primicias2262.com\/noticias\/?p=108332"},"modified":"2024-06-18T21:16:36","modified_gmt":"2024-06-18T21:16:36","slug":"delfina-rodriguez-berri-asumira-en-julio-como-nueva-presidenta-del-club-de-leones-2","status":"publish","type":"post","link":"https:\/\/primicias2262.com\/noticias\/delfina-rodriguez-berri-asumira-en-julio-como-nueva-presidenta-del-club-de-leones-2\/","title":{"rendered":"Delfina Rodr\u00edguez Berri asumir\u00e1 en julio como nueva presidenta del Club de Leones"},"content":{"rendered":"<p><strong>La joven de 24 a\u00f1os se autodefini\u00f3 como una persona con vocaci\u00f3n de servicio y que le gusta ayudar a los dem\u00e1s desde su trabajo en la instituci\u00f3n leona, adonde lleg\u00f3 en 2012.<\/strong><\/p>\n<p>De visita en \u201cVoces de la Ciudad\u201d, en di\u00e1logo con el periodista Jorge G\u00f3mez, Delfina confirm\u00f3 que asume el cargo en la plenaria de los Leones el pr\u00f3ximo 6 de julio, donde se har\u00e1 el cambio de autoridades con Alberto Scioscia. \u201cVoy a asumir junto a mi junta directiva, acompa\u00f1ada por Patricia Molina como secretaria y Emilce Valenzuela como tesorera. El cargo es por un a\u00f1o, desde el 1\u00ba de julio al 30 de junio del a\u00f1o venidero\u201d.<\/p>\n<p>Rememor\u00f3 que \u201csoy leo desde el 2012 y el a\u00f1o pasado jur\u00e9 como leona, desde ah\u00ed empec\u00e9 mi trayectoria y este a\u00f1o tuve la posibilidad de postularme como presidenta, fui postulada por Emilce. Yo acept\u00e9 y los leones aceptaron, as\u00ed que estamos todos tirando para adelante\u201d.<\/p>\n<p>Ser parte de la instituci\u00f3n \u201ces una vocaci\u00f3n de servicio, es una actividad ad honorem y lo hago porque me gusta ayudar a los dem\u00e1s, el tiempo que tengo disponible me dedico a estar con el Club de Leones\u201d, resalt\u00f3 quien tiene como profesi\u00f3n ser maestra jardinera.<\/p>\n<p>En cuanto a actividades del presente y futuro a corto plazo, record\u00f3 que \u201cesta semana continuamos con la feria en nuestra sede de 58 entre 63 y 65, incluso ma\u00f1ana jueves desde 13.30 a 15.30, donde tenemos a la venta ropa nueva, usada, vajilla y muebles\u201d, recordando que \u201clo recaudado es para conseguir un monitor fetal para el \u00e1rea de maternidad del Hospital Ferreyra\u201d.<\/p>\n<p>En esa misma l\u00ednea, subray\u00f3 que \u201cla semana pasada adquirimos el autorefract\u00f3metro (sistema que previene la ceguera infantil) y por lo tanto ya estamos dise\u00f1ando que a partir de agosto, pos vacaciones de invierno, poder entrar a los jardines de infantes a hacer el pesquisamiento. Es por eso que estamos con la colecta de marcos de lentes\u201d.<\/p>\n","protected":false},"excerpt":{"rendered":"<p>La joven de 24 a\u00f1os se autodefini\u00f3 como una persona con vocaci\u00f3n de servicio y que le gusta ayudar a los dem\u00e1s desde su trabajo en la instituci\u00f3n leona, adonde lleg\u00f3 en 2012. De visita en \u201cVoces de la Ciudad\u201d, en di\u00e1logo con el periodista Jorge G\u00f3mez, Delfina confirm\u00f3 que asume el cargo en la [&hellip;]<\/p>\n","protected":false},"author":3,"featured_media":108333,"comment_status":"open","ping_status":"open","sticky":false,"template":"","format":"standard","meta":{"footnotes":""},"categories":[6],"tags":[],"class_list":{"0":"post-108332","1":"post","2":"type-post","3":"status-publish","4":"format-standard","5":"has-post-thumbnail","7":"category-portada2"},"_links":{"self":[{"href":"https:\/\/primicias2262.com\/noticias\/wp-json\/wp\/v2\/posts\/108332","targetHints":{"allow":["GET"]}}],"collection":[{"href":"https:\/\/primicias2262.com\/noticias\/wp-json\/wp\/v2\/posts"}],"about":[{"href":"https:\/\/primicias2262.com\/noticias\/wp-json\/wp\/v2\/types\/post"}],"author":[{"embeddable":true,"href":"https:\/\/primicias2262.com\/noticias\/wp-json\/wp\/v2\/users\/3"}],"replies":[{"embeddable":true,"href":"https:\/\/primicias2262.com\/noticias\/wp-json\/wp\/v2\/comments?post=108332"}],"version-history":[{"count":1,"href":"https:\/\/primicias2262.com\/noticias\/wp-json\/wp\/v2\/posts\/108332\/revisions"}],"predecessor-version":[{"id":108334,"href":"https:\/\/primicias2262.com\/noticias\/wp-json\/wp\/v2\/posts\/108332\/revisions\/108334"}],"wp:featuredmedia":[{"embeddable":true,"href":"https:\/\/primicias2262.com\/noticias\/wp-json\/wp\/v2\/media\/108333"}],"wp:attachment":[{"href":"https:\/\/primicias2262.com\/noticias\/wp-json\/wp\/v2\/media?parent=108332"}],"wp:term":[{"taxonomy":"category","embeddable":true,"href":"https:\/\/primicias2262.com\/noticias\/wp-json\/wp\/v2\/categories?post=108332"},{"taxonomy":"post_tag","embeddable":true,"href":"https:\/\/primicias2262.com\/noticias\/wp-json\/wp\/v2\/tags?post=108332"}],"curies":[{"name":"wp","href":"https:\/\/api.w.org\/{rel}","templated":true}]}}