{"id":108794,"date":"2024-07-15T17:25:17","date_gmt":"2024-07-15T17:25:17","guid":{"rendered":"https:\/\/primicias2262.com\/noticias\/?p=108794"},"modified":"2024-07-15T17:40:38","modified_gmt":"2024-07-15T17:40:38","slug":"tasa-portuaria-no-queremos-meterle-la-mano-en-el-bolsillo-a-la-gente-sino-un-equilibrio-real","status":"publish","type":"post","link":"https:\/\/primicias2262.com\/noticias\/tasa-portuaria-no-queremos-meterle-la-mano-en-el-bolsillo-a-la-gente-sino-un-equilibrio-real\/","title":{"rendered":"Tasa portuaria: \u201cNo queremos meterle la mano en el bolsillo a la gente, sino un equilibrio real\u201d"},"content":{"rendered":"<p><strong>As\u00ed lo expuso el concejal de Uni\u00f3n por la Patria, Juli\u00e1n Kristiansen, durante su visita a \u201cVoces de la ciudad\u201d, donde habl\u00f3 de la importancia de que entre en vigencia lo que se conoce t\u00e9cnicamente como Tasa Solidaria por Mantenimiento Diferenciado de la Red Vial.<\/strong><\/p>\n<p>Al ser consultado por el periodista Jorge G\u00f3mez, el edil se\u00f1al\u00f3 que \u201chablo de una herramienta que articule la exportaci\u00f3n con el distrito de Necochea, porque veo que hay un desbalance entre la parte de impacto estructural y ambiental entre la exportaci\u00f3n y el distrito\u201d.<\/p>\n<p>Seguidamente, habl\u00f3 de ambos aspectos. \u201cEl impacto estructural genera una rotura en la estructura de las calles y avenidas del ejido urbano, y necesitamos tener una infraestructura adecuada porque pasan hasta 40 mil toneladas por cami\u00f3n y se puede ver que desde la Circunvalaci\u00f3n hasta el Puerto est\u00e1n todas las calles rotas porque adem\u00e1s los transportes toman colectoras tambi\u00e9n. Pero nos quedamos cortos porque adem\u00e1s el transporte de carga afecta con su impacto en lo ambiental: la volatilidad del cereal, los agrot\u00f3xicos, y dem\u00e1s\u2026 y por qu\u00e9 tenemos que pagar con nuestros recursos situaciones que es verdad que ofrecen trabajo, pero no est\u00e1n equilibradas\u201d, se\u00f1al\u00f3.<\/p>\n<div class=\"youtube-embed\" data-video_id=\"XwiQmNU_LCQ\"><iframe loading=\"lazy\" title=\"Voces de la ciudad - Juli\u00e1n Kristiansen\" width=\"696\" height=\"392\" src=\"https:\/\/www.youtube.com\/embed\/XwiQmNU_LCQ?feature=oembed&#038;enablejsapi=1\" frameborder=\"0\" allow=\"accelerometer; autoplay; clipboard-write; encrypted-media; gyroscope; picture-in-picture; web-share\" referrerpolicy=\"strict-origin-when-cross-origin\" allowfullscreen><\/iframe><\/div>\n<p>Argument\u00f3 seguidamente que \u201csi vos gener\u00e1s un recurso para poder mejorar el transporte de carga, tambi\u00e9n mejor\u00e1s la operatividad del Puerto, entonces tiene que haber un convenio entre la exportaci\u00f3n y el distrito, con el Municipio de Necochea\u201d.<\/p>\n<p>Cuando se le record\u00f3 que los productores rurales exponen que la terminan pagando ellos a la tasa o que no les conviene venir a Puerto Quequ\u00e9n porque hay una tasa nueva y les conviene irse a Bah\u00eda Blanca, aclar\u00f3 enf\u00e1ticamente que \u201cno queremos meterle la mano en el bolsillo a la gente, sino un equilibrio desde el punto de vista real, porque si mejor\u00e1s las calles de Quequ\u00e9n mejor\u00e1s el hospital y el interior del distrito, ya que la exportaci\u00f3n pasa por todas las localidades, y le mejor\u00e1s la calidad de vida a la gente\u201d.<\/p>\n<p>Vale recordar que la Tasa Solidaria por Mantenimiento Diferenciado de la Red Vial data del a\u00f1o 2015 que se aplic\u00f3 hasta 2017, a\u00f1o en que se la da de baja por motivos varios, entre ellos porque los productores del rubro exportador dec\u00edan que era anti inconstitucional. En 2019 se intim\u00f3 a las empresas a pagar, de las cuales pago solo una de ellas. El Estado sigui\u00f3 con esta petici\u00f3n cuando asume Arturo Rojas, pero la otra parte consigue una medida cautelar del Contencioso Administrativo de Mar del Plata dici\u00e9ndole al Estado Municipal que no cobre. No obstante, el fondo de la cuesti\u00f3n se resolvi\u00f3 y la C\u00e1mara de Apelaciones el pasado 25 de junio defini\u00f3 que la Municipalidad puede cobrar la tasa.<\/p>\n","protected":false},"excerpt":{"rendered":"<p>As\u00ed lo expuso el concejal de Uni\u00f3n por la Patria, Juli\u00e1n Kristiansen, durante su visita a \u201cVoces de la ciudad\u201d, donde habl\u00f3 de la importancia de que entre en vigencia lo que se conoce t\u00e9cnicamente como Tasa Solidaria por Mantenimiento Diferenciado de la Red Vial. Al ser consultado por el periodista Jorge G\u00f3mez, el edil [&hellip;]<\/p>\n","protected":false},"author":3,"featured_media":104026,"comment_status":"open","ping_status":"open","sticky":false,"template":"","format":"standard","meta":{"footnotes":""},"categories":[6],"tags":[],"class_list":{"0":"post-108794","1":"post","2":"type-post","3":"status-publish","4":"format-standard","5":"has-post-thumbnail","7":"category-portada2"},"_links":{"self":[{"href":"https:\/\/primicias2262.com\/noticias\/wp-json\/wp\/v2\/posts\/108794","targetHints":{"allow":["GET"]}}],"collection":[{"href":"https:\/\/primicias2262.com\/noticias\/wp-json\/wp\/v2\/posts"}],"about":[{"href":"https:\/\/primicias2262.com\/noticias\/wp-json\/wp\/v2\/types\/post"}],"author":[{"embeddable":true,"href":"https:\/\/primicias2262.com\/noticias\/wp-json\/wp\/v2\/users\/3"}],"replies":[{"embeddable":true,"href":"https:\/\/primicias2262.com\/noticias\/wp-json\/wp\/v2\/comments?post=108794"}],"version-history":[{"count":2,"href":"https:\/\/primicias2262.com\/noticias\/wp-json\/wp\/v2\/posts\/108794\/revisions"}],"predecessor-version":[{"id":108811,"href":"https:\/\/primicias2262.com\/noticias\/wp-json\/wp\/v2\/posts\/108794\/revisions\/108811"}],"wp:featuredmedia":[{"embeddable":true,"href":"https:\/\/primicias2262.com\/noticias\/wp-json\/wp\/v2\/media\/104026"}],"wp:attachment":[{"href":"https:\/\/primicias2262.com\/noticias\/wp-json\/wp\/v2\/media?parent=108794"}],"wp:term":[{"taxonomy":"category","embeddable":true,"href":"https:\/\/primicias2262.com\/noticias\/wp-json\/wp\/v2\/categories?post=108794"},{"taxonomy":"post_tag","embeddable":true,"href":"https:\/\/primicias2262.com\/noticias\/wp-json\/wp\/v2\/tags?post=108794"}],"curies":[{"name":"wp","href":"https:\/\/api.w.org\/{rel}","templated":true}]}}