{"id":108797,"date":"2024-07-15T17:31:31","date_gmt":"2024-07-15T17:31:31","guid":{"rendered":"https:\/\/primicias2262.com\/noticias\/?p=108797"},"modified":"2024-07-15T17:31:31","modified_gmt":"2024-07-15T17:31:31","slug":"la-pista-de-atletismo-se-abrio-para-los-mas-chicos-en-el-inicio-de-las-vacaciones","status":"publish","type":"post","link":"https:\/\/primicias2262.com\/noticias\/la-pista-de-atletismo-se-abrio-para-los-mas-chicos-en-el-inicio-de-las-vacaciones\/","title":{"rendered":"La pista de atletismo se abri\u00f3 para los m\u00e1s chicos en el inicio de las vacaciones"},"content":{"rendered":"<p><strong>En el marco de \u201cKids Athletics\u201d, se le dio la bienvenida a las vacaciones de invierno a pura actividad f\u00edsica y pruebas de la disciplina madre en la bella Pista Municipal.<\/strong><\/p>\n<p>En el comienzo del receso escolar de invierno, la Pista Municipal de Atletismo se abri\u00f3 para una jornada de pruebas y juegos para los chicos, con el aliciente de que el sol acompa\u00f1\u00f3 la realizaci\u00f3n impulsada por la Escuela Municipal de Atletismo y la Direcci\u00f3n de Deportes que encabeza Guadalupe Hern\u00e1ndez.<\/p>\n<figure class=\"wp-block-image size-full\"><img loading=\"lazy\" decoding=\"async\" class=\"wp-image-85761\" src=\"https:\/\/necochea.gov.ar\/wp-content\/uploads\/2024\/07\/FOTO-atletismo-kids4.jpeg\" alt=\"\" width=\"1600\" height=\"1200\" \/><\/figure>\n<p>Con m\u00e1s de 15 a\u00f1os de trabajo aceitado en pos del deporte y el desarrollo de los chicos en el atletismo y la vida, la Escuela Municipal con Mauro Cabrera y el equipo de profesores a la cabeza ambient\u00f3 la Pista Municipal de manera maravillosa para recibir a los m\u00e1s chicos en una jornada sabatina brillante por el sol.<\/p>\n<p>Una de las profesoras que acompa\u00f1a en el staff a Mauro Cabrera es Juliana Jov\u00e9, quien estuvo al frente de la propuesta y manifest\u00f3 durante el transcurso que \u201cesto tiene que ver con Kids Athletics, que es un programa en el que hice una capacitaci\u00f3n hace un tiempo y la idea era con la ayuda de Guadalupe (Hern\u00e1ndez) que nos dio el espacio, cerrar la primera parte del a\u00f1o con ni\u00f1os de 6 a\u00f1os hasta chicos de 15 jugando todos juntos, con el objetivo de que se pongan en movimiento y jueguen todos\u201d.<\/p>\n<figure class=\"wp-block-gallery has-nested-images columns-default is-cropped wp-block-gallery-1 is-layout-flex wp-block-gallery-is-layout-flex\">\n<figure class=\"wp-block-image size-large\"><img loading=\"lazy\" decoding=\"async\" class=\"wp-image-85760\" src=\"https:\/\/necochea.gov.ar\/wp-content\/uploads\/2024\/07\/FOTO-atletismo-kids3.jpeg\" alt=\"\" width=\"1600\" height=\"1200\" data-id=\"85760\" \/><\/figure>\n<figure class=\"wp-block-image size-large\"><img loading=\"lazy\" decoding=\"async\" class=\"wp-image-85759\" src=\"https:\/\/necochea.gov.ar\/wp-content\/uploads\/2024\/07\/FOTO-atletismo-kids2.jpeg\" alt=\"\" width=\"1600\" height=\"1200\" data-id=\"85759\" \/><\/figure>\n<\/figure>\n<p>La entrenadora acot\u00f3 que \u201cla idea era tambi\u00e9n poder disfrutar de todos los espacios que ofrece la pista, tanto del caj\u00f3n de salto o los c\u00edrculos de lanzamiento como la pista en s\u00ed, que son las pruebas de campo que antes no pod\u00edamos realizar porque no ten\u00edamos el lugar\u201d.<\/p>\n<p>Seguidamente, Jov\u00e9 explic\u00f3 que \u201ceste programa contempla todas pruebas adaptadas, jugando y tratando de incorporar algunas reglas b\u00e1sicas de lo que son las t\u00e9cnicas por ejemplo del lanzamiento de jabalina, bala, salto en largo, y en la pista velocidad y obst\u00e1culos\u201d.<\/p>\n<figure class=\"wp-block-gallery has-nested-images columns-default is-cropped wp-block-gallery-2 is-layout-flex wp-block-gallery-is-layout-flex\">\n<figure class=\"wp-block-image size-large\"><img loading=\"lazy\" decoding=\"async\" class=\"wp-image-85763\" src=\"https:\/\/necochea.gov.ar\/wp-content\/uploads\/2024\/07\/FOTO-atletismo-kids6.jpeg\" alt=\"\" width=\"1600\" height=\"1200\" data-id=\"85763\" \/><\/figure>\n<figure class=\"wp-block-image size-large\"><img loading=\"lazy\" decoding=\"async\" class=\"wp-image-85758\" src=\"https:\/\/necochea.gov.ar\/wp-content\/uploads\/2024\/07\/FOTO-atletismo-Kids.jpeg\" alt=\"\" width=\"1600\" height=\"1200\" data-id=\"85758\" \/><\/figure>\n<\/figure>\n<p>Acerca de su trabajo y del funcionamiento de la Escuela Municipal testimoni\u00f3 que \u201cen los comienzos empec\u00e9 con Iniciaci\u00f3n, ahora estoy en la parte de Formaci\u00f3n pasando a Desarrollo casi a la par de Mauro (Cabrera), estoy todos los d\u00edas en la pista; mi compa\u00f1era Sof\u00eda (Enciso) est\u00e1 en la Formaci\u00f3n y Santiago (Cabrera)) en la Iniciaci\u00f3n, y muchos chicos que est\u00e1n en el Profesorado de Educaci\u00f3n F\u00edsica y que tambi\u00e9n son alumnos nuestros nos est\u00e1n dando una mano\u201d.<\/p>\n<p>A tono con la jornada l\u00fadica para los m\u00e1s chicos, Juliana resalt\u00f3 que \u201cen la iniciaci\u00f3n es muy importante el trabajo porque recib\u00eds a los pibes que vienen del barrio o de la escuela que vienen por un interescolar o por un compa\u00f1ero que los invita a sumarse, vienen dispuestos a correr y cuando llegan se encuentran con que pueden lanzar, saltar y desarrollar todas las dem\u00e1s pruebas que antes no ten\u00edamos la posibilidad de desarrollarlas, as\u00ed que estamos muy contentos de poder hacerlo\u201d.<\/p>\n","protected":false},"excerpt":{"rendered":"<p>En el marco de \u201cKids Athletics\u201d, se le dio la bienvenida a las vacaciones de invierno a pura actividad f\u00edsica y pruebas de la disciplina madre en la bella Pista Municipal. En el comienzo del receso escolar de invierno, la Pista Municipal de Atletismo se abri\u00f3 para una jornada de pruebas y juegos para los [&hellip;]<\/p>\n","protected":false},"author":3,"featured_media":108798,"comment_status":"open","ping_status":"open","sticky":false,"template":"","format":"standard","meta":{"footnotes":""},"categories":[5],"tags":[],"class_list":{"0":"post-108797","1":"post","2":"type-post","3":"status-publish","4":"format-standard","5":"has-post-thumbnail","7":"category-neco"},"_links":{"self":[{"href":"https:\/\/primicias2262.com\/noticias\/wp-json\/wp\/v2\/posts\/108797","targetHints":{"allow":["GET"]}}],"collection":[{"href":"https:\/\/primicias2262.com\/noticias\/wp-json\/wp\/v2\/posts"}],"about":[{"href":"https:\/\/primicias2262.com\/noticias\/wp-json\/wp\/v2\/types\/post"}],"author":[{"embeddable":true,"href":"https:\/\/primicias2262.com\/noticias\/wp-json\/wp\/v2\/users\/3"}],"replies":[{"embeddable":true,"href":"https:\/\/primicias2262.com\/noticias\/wp-json\/wp\/v2\/comments?post=108797"}],"version-history":[{"count":1,"href":"https:\/\/primicias2262.com\/noticias\/wp-json\/wp\/v2\/posts\/108797\/revisions"}],"predecessor-version":[{"id":108799,"href":"https:\/\/primicias2262.com\/noticias\/wp-json\/wp\/v2\/posts\/108797\/revisions\/108799"}],"wp:featuredmedia":[{"embeddable":true,"href":"https:\/\/primicias2262.com\/noticias\/wp-json\/wp\/v2\/media\/108798"}],"wp:attachment":[{"href":"https:\/\/primicias2262.com\/noticias\/wp-json\/wp\/v2\/media?parent=108797"}],"wp:term":[{"taxonomy":"category","embeddable":true,"href":"https:\/\/primicias2262.com\/noticias\/wp-json\/wp\/v2\/categories?post=108797"},{"taxonomy":"post_tag","embeddable":true,"href":"https:\/\/primicias2262.com\/noticias\/wp-json\/wp\/v2\/tags?post=108797"}],"curies":[{"name":"wp","href":"https:\/\/api.w.org\/{rel}","templated":true}]}}