{"id":108801,"date":"2024-07-15T17:33:56","date_gmt":"2024-07-15T17:33:56","guid":{"rendered":"https:\/\/primicias2262.com\/noticias\/?p=108801"},"modified":"2024-07-17T16:25:13","modified_gmt":"2024-07-17T16:25:13","slug":"la-municipalidad-no-brindara-atencion-al-publico-este-martes-por-la-fiesta-patronal","status":"publish","type":"post","link":"https:\/\/primicias2262.com\/noticias\/la-municipalidad-no-brindara-atencion-al-publico-este-martes-por-la-fiesta-patronal\/","title":{"rendered":"La Municipalidad no brindar\u00e1 atenci\u00f3n al p\u00fablico este martes por la fiesta Patronal"},"content":{"rendered":"<p><strong>A trav\u00e9s de un decreto provincial se declar\u00f3 d\u00eda no laborable para la administraci\u00f3n p\u00fablica y en el caso de nuestra ciudad tiene que ver con la adhesi\u00f3n a la fiesta Patronal de Nuestra Se\u00f1ora del Carmen.<\/strong><\/p>\n<p>La Municipalidad informa que este martes 16 de julio no estar\u00e1 abierta a la atenci\u00f3n al p\u00fablico, debido a que el Gobierno de la Provincia de Buenos Aires decret\u00f3 d\u00eda no laborable para la administraci\u00f3n p\u00fablica por la fecha que conmemora a Nuestra Se\u00f1ora del Carmen, patrona de Necochea.<\/p>\n<p>Por consiguiente, el municipio reabrir\u00e1 sus puertas normalmente el venidero mi\u00e9rcoles 17 de julio \u00a0en la cabecera de calle 56 entre 59 y 61, aclar\u00e1ndose que en la Delegaci\u00f3n Municipal de Quequ\u00e9n la actividad de este martes ser\u00e1 normal y all\u00ed s\u00ed habr\u00e1 atenci\u00f3n al p\u00fablico.<\/p>\n<p><strong>En la Resoluci\u00f3n 2024-326 y en ejercicio de las facultades que le confiere el Decreto N\u00ba 272\/17 E y modificatorios, el ministro de Gobierno de la Provincia de Buenos Aires, Carlos Bianco resolvi\u00f3:<\/strong><\/p>\n<p><strong>ART\u00cdCULO 1\u00ba. <\/strong>Declarar no laborables, para la Administraci\u00f3n P\u00fablica y el Banco de la Provincia de Buenos Aires, y feriados optativos para la industria, el comercio y restantes actividades, los d\u00edas en los cuales se desarrollen festividades, en los distintos Municipios correspondientes al mes de julio de 2024, conforme se detalla en el Anexo \u00danico que, identificado como IF-2024-21771301-GDEBA-SSAMMGGP, forma parte integrante de la presente.<br \/>\n<strong>ART\u00cdCULO 2\u00ba. <\/strong>Registrar, comunicar y publicar. Dar al Bolet\u00edn Oficial e incorporar al SINDMA. Pasar a la Subsecretar\u00eda de Asuntos Municipales. Cumplido, archivar.<\/p>\n<p><a href=\"https:\/\/primicias2262.com\/noticias\/wp-content\/uploads\/2024\/07\/RESO-326-2024-FERIADOS-JULIO.pdf\">RESO 326-2024 FERIADOS JULIO<\/a><\/p>\n<p><a href=\"https:\/\/primicias2262.com\/noticias\/wp-content\/uploads\/2024\/07\/ANEXO-FERIADOS-JULIO-2024.pdf\">ANEXO FERIADOS JULIO 2024<\/a><\/p>\n","protected":false},"excerpt":{"rendered":"<p>A trav\u00e9s de un decreto provincial se declar\u00f3 d\u00eda no laborable para la administraci\u00f3n p\u00fablica y en el caso de nuestra ciudad tiene que ver con la adhesi\u00f3n a la fiesta Patronal de Nuestra Se\u00f1ora del Carmen. La Municipalidad informa que este martes 16 de julio no estar\u00e1 abierta a la atenci\u00f3n al p\u00fablico, debido [&hellip;]<\/p>\n","protected":false},"author":3,"featured_media":100281,"comment_status":"open","ping_status":"open","sticky":false,"template":"","format":"standard","meta":{"footnotes":""},"categories":[5],"tags":[],"class_list":{"0":"post-108801","1":"post","2":"type-post","3":"status-publish","4":"format-standard","5":"has-post-thumbnail","7":"category-neco"},"_links":{"self":[{"href":"https:\/\/primicias2262.com\/noticias\/wp-json\/wp\/v2\/posts\/108801","targetHints":{"allow":["GET"]}}],"collection":[{"href":"https:\/\/primicias2262.com\/noticias\/wp-json\/wp\/v2\/posts"}],"about":[{"href":"https:\/\/primicias2262.com\/noticias\/wp-json\/wp\/v2\/types\/post"}],"author":[{"embeddable":true,"href":"https:\/\/primicias2262.com\/noticias\/wp-json\/wp\/v2\/users\/3"}],"replies":[{"embeddable":true,"href":"https:\/\/primicias2262.com\/noticias\/wp-json\/wp\/v2\/comments?post=108801"}],"version-history":[{"count":2,"href":"https:\/\/primicias2262.com\/noticias\/wp-json\/wp\/v2\/posts\/108801\/revisions"}],"predecessor-version":[{"id":108829,"href":"https:\/\/primicias2262.com\/noticias\/wp-json\/wp\/v2\/posts\/108801\/revisions\/108829"}],"wp:featuredmedia":[{"embeddable":true,"href":"https:\/\/primicias2262.com\/noticias\/wp-json\/wp\/v2\/media\/100281"}],"wp:attachment":[{"href":"https:\/\/primicias2262.com\/noticias\/wp-json\/wp\/v2\/media?parent=108801"}],"wp:term":[{"taxonomy":"category","embeddable":true,"href":"https:\/\/primicias2262.com\/noticias\/wp-json\/wp\/v2\/categories?post=108801"},{"taxonomy":"post_tag","embeddable":true,"href":"https:\/\/primicias2262.com\/noticias\/wp-json\/wp\/v2\/tags?post=108801"}],"curies":[{"name":"wp","href":"https:\/\/api.w.org\/{rel}","templated":true}]}}