{"id":108947,"date":"2024-07-25T15:12:58","date_gmt":"2024-07-25T15:12:58","guid":{"rendered":"https:\/\/primicias2262.com\/noticias\/?p=108947"},"modified":"2024-07-25T15:12:58","modified_gmt":"2024-07-25T15:12:58","slug":"la-expo-vacaciones-de-invierno-arranco-con-buena-afluencia-de-publico","status":"publish","type":"post","link":"https:\/\/primicias2262.com\/noticias\/la-expo-vacaciones-de-invierno-arranco-con-buena-afluencia-de-publico\/","title":{"rendered":"La Expo Vacaciones de Invierno arranc\u00f3 con buena afluencia de p\u00fablico"},"content":{"rendered":"<p><strong>La primera de las tres jornadas que se desarrollan en el Centro Cultural de la ciudad cont\u00f3 con muy buena asistencia de gente visitando los stands de emprendedores.<\/strong><\/p>\n<p>Este mi\u00e9rcoles se dio inicio a la Expo Vacaciones de Invierno, con toda la propuesta emprendedora de la ciudad en el recinto del Centro Cultural de Necochea. La primera jornada cont\u00f3 con muy buen marco de p\u00fablico y la actividad continuar\u00e1 hasta el s\u00e1bado con entrada libre y gratuita, bajo la organizaci\u00f3n de la Direcci\u00f3n de Emprendimientos y Pymes.<\/p>\n<p><a href=\"https:\/\/primicias2262.com\/noticias\/wp-content\/uploads\/2024\/07\/25-07-FOTO-Expo-Vacaciones2.jpeg\"><img loading=\"lazy\" decoding=\"async\" class=\"aligncenter size-full wp-image-108949\" src=\"https:\/\/primicias2262.com\/noticias\/wp-content\/uploads\/2024\/07\/25-07-FOTO-Expo-Vacaciones2.jpeg\" alt=\"\" width=\"1280\" height=\"853\" srcset=\"https:\/\/primicias2262.com\/noticias\/wp-content\/uploads\/2024\/07\/25-07-FOTO-Expo-Vacaciones2.jpeg 1280w, https:\/\/primicias2262.com\/noticias\/wp-content\/uploads\/2024\/07\/25-07-FOTO-Expo-Vacaciones2-300x200.jpeg 300w, https:\/\/primicias2262.com\/noticias\/wp-content\/uploads\/2024\/07\/25-07-FOTO-Expo-Vacaciones2-1024x682.jpeg 1024w, https:\/\/primicias2262.com\/noticias\/wp-content\/uploads\/2024\/07\/25-07-FOTO-Expo-Vacaciones2-768x512.jpeg 768w, https:\/\/primicias2262.com\/noticias\/wp-content\/uploads\/2024\/07\/25-07-FOTO-Expo-Vacaciones2-150x100.jpeg 150w, https:\/\/primicias2262.com\/noticias\/wp-content\/uploads\/2024\/07\/25-07-FOTO-Expo-Vacaciones2-696x464.jpeg 696w, https:\/\/primicias2262.com\/noticias\/wp-content\/uploads\/2024\/07\/25-07-FOTO-Expo-Vacaciones2-1068x712.jpeg 1068w\" sizes=\"auto, (max-width: 1280px) 100vw, 1280px\" \/><\/a>Quien est\u00e1 a cargo de dicha \u00e1rea, Valeria Garrido, se mostr\u00f3 agradecida a las autoridades del Centro Cultural, en calle 54 entre 61 y 63, por brindar el espacio; destac\u00f3 que alrededor de 200 personas visitaron la Expo y que el balance por parte de las emprendedoras fue muy positivo.<\/p>\n<p>M\u00e1s all\u00e1 del espacio para el emprendedorismo, se recuerda que la expo estar\u00e1 ambientada en su continuidad por m\u00fasica en vivo, clases de baile, sorteos de los emprendedores, espacios recreativos, Biblioteca M\u00f3vil y dem\u00e1s actividades. Tanto este jueves, como ma\u00f1ana viernes y el s\u00e1bado funcionar\u00e1 de 14 a 19 hs.<\/p>\n<p><a href=\"https:\/\/primicias2262.com\/noticias\/wp-content\/uploads\/2024\/07\/25-07-FOTO-Expo-Vacaciones.jpeg\"><img loading=\"lazy\" decoding=\"async\" class=\"aligncenter size-full wp-image-108948\" src=\"https:\/\/primicias2262.com\/noticias\/wp-content\/uploads\/2024\/07\/25-07-FOTO-Expo-Vacaciones.jpeg\" alt=\"\" width=\"1280\" height=\"853\" srcset=\"https:\/\/primicias2262.com\/noticias\/wp-content\/uploads\/2024\/07\/25-07-FOTO-Expo-Vacaciones.jpeg 1280w, https:\/\/primicias2262.com\/noticias\/wp-content\/uploads\/2024\/07\/25-07-FOTO-Expo-Vacaciones-300x200.jpeg 300w, https:\/\/primicias2262.com\/noticias\/wp-content\/uploads\/2024\/07\/25-07-FOTO-Expo-Vacaciones-1024x682.jpeg 1024w, https:\/\/primicias2262.com\/noticias\/wp-content\/uploads\/2024\/07\/25-07-FOTO-Expo-Vacaciones-768x512.jpeg 768w, https:\/\/primicias2262.com\/noticias\/wp-content\/uploads\/2024\/07\/25-07-FOTO-Expo-Vacaciones-150x100.jpeg 150w, https:\/\/primicias2262.com\/noticias\/wp-content\/uploads\/2024\/07\/25-07-FOTO-Expo-Vacaciones-696x464.jpeg 696w, https:\/\/primicias2262.com\/noticias\/wp-content\/uploads\/2024\/07\/25-07-FOTO-Expo-Vacaciones-1068x712.jpeg 1068w\" sizes=\"auto, (max-width: 1280px) 100vw, 1280px\" \/><\/a>En cuanto a la parte art\u00edstica que acompa\u00f1ar\u00e1 la movida emprendedora en el Centro Cultural, se destaca que estar\u00e1 el DJ Agust\u00edn Funes con m\u00fasica en vivo; adem\u00e1s de Roc\u00edo Llanos y Alexis Su\u00e1rez con diferentes clases de baile.<\/p>\n","protected":false},"excerpt":{"rendered":"<p>La primera de las tres jornadas que se desarrollan en el Centro Cultural de la ciudad cont\u00f3 con muy buena asistencia de gente visitando los stands de emprendedores. Este mi\u00e9rcoles se dio inicio a la Expo Vacaciones de Invierno, con toda la propuesta emprendedora de la ciudad en el recinto del Centro Cultural de Necochea. [&hellip;]<\/p>\n","protected":false},"author":3,"featured_media":108950,"comment_status":"open","ping_status":"open","sticky":false,"template":"","format":"standard","meta":{"footnotes":""},"categories":[5],"tags":[],"class_list":{"0":"post-108947","1":"post","2":"type-post","3":"status-publish","4":"format-standard","5":"has-post-thumbnail","7":"category-neco"},"_links":{"self":[{"href":"https:\/\/primicias2262.com\/noticias\/wp-json\/wp\/v2\/posts\/108947","targetHints":{"allow":["GET"]}}],"collection":[{"href":"https:\/\/primicias2262.com\/noticias\/wp-json\/wp\/v2\/posts"}],"about":[{"href":"https:\/\/primicias2262.com\/noticias\/wp-json\/wp\/v2\/types\/post"}],"author":[{"embeddable":true,"href":"https:\/\/primicias2262.com\/noticias\/wp-json\/wp\/v2\/users\/3"}],"replies":[{"embeddable":true,"href":"https:\/\/primicias2262.com\/noticias\/wp-json\/wp\/v2\/comments?post=108947"}],"version-history":[{"count":1,"href":"https:\/\/primicias2262.com\/noticias\/wp-json\/wp\/v2\/posts\/108947\/revisions"}],"predecessor-version":[{"id":108951,"href":"https:\/\/primicias2262.com\/noticias\/wp-json\/wp\/v2\/posts\/108947\/revisions\/108951"}],"wp:featuredmedia":[{"embeddable":true,"href":"https:\/\/primicias2262.com\/noticias\/wp-json\/wp\/v2\/media\/108950"}],"wp:attachment":[{"href":"https:\/\/primicias2262.com\/noticias\/wp-json\/wp\/v2\/media?parent=108947"}],"wp:term":[{"taxonomy":"category","embeddable":true,"href":"https:\/\/primicias2262.com\/noticias\/wp-json\/wp\/v2\/categories?post=108947"},{"taxonomy":"post_tag","embeddable":true,"href":"https:\/\/primicias2262.com\/noticias\/wp-json\/wp\/v2\/tags?post=108947"}],"curies":[{"name":"wp","href":"https:\/\/api.w.org\/{rel}","templated":true}]}}