{"id":108956,"date":"2024-07-25T15:27:06","date_gmt":"2024-07-25T15:27:06","guid":{"rendered":"https:\/\/primicias2262.com\/noticias\/?p=108956"},"modified":"2024-07-25T15:27:06","modified_gmt":"2024-07-25T15:27:06","slug":"la-convocatoria-a-emprendedores-para-el-aniversario-de-quequen-esta-abierta-hasta-el-lunes","status":"publish","type":"post","link":"https:\/\/primicias2262.com\/noticias\/la-convocatoria-a-emprendedores-para-el-aniversario-de-quequen-esta-abierta-hasta-el-lunes\/","title":{"rendered":"La convocatoria a emprendedores para el Aniversario de Quequ\u00e9n est\u00e1 abierta hasta el lunes"},"content":{"rendered":"<p><strong>Los cupos son limitados y se pueden inscribir mediante un c\u00f3digo QR. Los festejos del cumplea\u00f1os 170 de Quequ\u00e9n ser\u00e1n del 2 al 4 de agosto en la Plaza \u201cHip\u00f3lito Yrigoyen\u201d.<\/strong><\/p>\n<p>La Direcci\u00f3n de Emprendimientos y Pymes, dependiente de la Secretar\u00eda de Turismo y Desarrollo Productivo municipal, recuerda que hasta el pr\u00f3ximo lunes 29 de julio est\u00e1 abierta la convocatoria para emprendimientos productivos interesados en ser parte de los festejos por el Aniversario 170\u00ba de Quequ\u00e9n en la Plaza \u201cHip\u00f3lito Yrigoyen\u201d.<\/p>\n<p>Para ello, desde la Direcci\u00f3n que encabeza Valeria Garrido, se recuerda que los cupos son limitados y que los interesados podr\u00e1n inscribirse ingresando un c\u00f3digo QR y llenando el formulario, con fecha l\u00edmite el venidero lunes 29 de julio, inclusive.<\/p>\n<p>Se recuerda que los festejos en la plaza central de Quequ\u00e9n, frente a la Delegaci\u00f3n Municipal, se extender\u00e1n del viernes 2 al domingo 4 de agosto, por lo que ser\u00e1n tres jornadas de exposici\u00f3n para el paseo compuesto por emprendedores locales.<\/p>\n","protected":false},"excerpt":{"rendered":"<p>Los cupos son limitados y se pueden inscribir mediante un c\u00f3digo QR. Los festejos del cumplea\u00f1os 170 de Quequ\u00e9n ser\u00e1n del 2 al 4 de agosto en la Plaza \u201cHip\u00f3lito Yrigoyen\u201d. La Direcci\u00f3n de Emprendimientos y Pymes, dependiente de la Secretar\u00eda de Turismo y Desarrollo Productivo municipal, recuerda que hasta el pr\u00f3ximo lunes 29 de [&hellip;]<\/p>\n","protected":false},"author":3,"featured_media":108957,"comment_status":"open","ping_status":"open","sticky":false,"template":"","format":"standard","meta":{"footnotes":""},"categories":[5],"tags":[],"class_list":{"0":"post-108956","1":"post","2":"type-post","3":"status-publish","4":"format-standard","5":"has-post-thumbnail","7":"category-neco"},"_links":{"self":[{"href":"https:\/\/primicias2262.com\/noticias\/wp-json\/wp\/v2\/posts\/108956","targetHints":{"allow":["GET"]}}],"collection":[{"href":"https:\/\/primicias2262.com\/noticias\/wp-json\/wp\/v2\/posts"}],"about":[{"href":"https:\/\/primicias2262.com\/noticias\/wp-json\/wp\/v2\/types\/post"}],"author":[{"embeddable":true,"href":"https:\/\/primicias2262.com\/noticias\/wp-json\/wp\/v2\/users\/3"}],"replies":[{"embeddable":true,"href":"https:\/\/primicias2262.com\/noticias\/wp-json\/wp\/v2\/comments?post=108956"}],"version-history":[{"count":1,"href":"https:\/\/primicias2262.com\/noticias\/wp-json\/wp\/v2\/posts\/108956\/revisions"}],"predecessor-version":[{"id":108958,"href":"https:\/\/primicias2262.com\/noticias\/wp-json\/wp\/v2\/posts\/108956\/revisions\/108958"}],"wp:featuredmedia":[{"embeddable":true,"href":"https:\/\/primicias2262.com\/noticias\/wp-json\/wp\/v2\/media\/108957"}],"wp:attachment":[{"href":"https:\/\/primicias2262.com\/noticias\/wp-json\/wp\/v2\/media?parent=108956"}],"wp:term":[{"taxonomy":"category","embeddable":true,"href":"https:\/\/primicias2262.com\/noticias\/wp-json\/wp\/v2\/categories?post=108956"},{"taxonomy":"post_tag","embeddable":true,"href":"https:\/\/primicias2262.com\/noticias\/wp-json\/wp\/v2\/tags?post=108956"}],"curies":[{"name":"wp","href":"https:\/\/api.w.org\/{rel}","templated":true}]}}