{"id":108959,"date":"2024-07-25T16:06:54","date_gmt":"2024-07-25T16:06:54","guid":{"rendered":"https:\/\/primicias2262.com\/noticias\/?p=108959"},"modified":"2024-07-25T16:07:29","modified_gmt":"2024-07-25T16:07:29","slug":"llega-a-su-fin-la-puesta-a-punto-de-atletas-necochenses-en-la-altura-de-cachi","status":"publish","type":"post","link":"https:\/\/primicias2262.com\/noticias\/llega-a-su-fin-la-puesta-a-punto-de-atletas-necochenses-en-la-altura-de-cachi\/","title":{"rendered":"Llega a su fin la puesta a punto de atletas necochenses en la altura de Cachi"},"content":{"rendered":"<div class=\"elementor-element elementor-element-38a37d5 elementor-widget elementor-widget-theme-post-content\" data-id=\"38a37d5\" data-element_type=\"widget\" data-widget_type=\"theme-post-content.default\">\n<div class=\"elementor-widget-container\">\n<p><strong>En el norte argentino son cuatro los alumnos necochenses que son entrenados por Mauro Cabrera y que intensifican con la mira puesta en el segundo semestre.<\/strong><\/p>\n<p>En la altura del norte Argentino, en Cachi, Salta los atletas de la Escuela Municipal que representan a Necochea se encuentran finalizando su preparaci\u00f3n espec\u00edfica de cara a los compromisos del segundo semestre.<\/p>\n<p>A 2400 metros sobre el nivel de mar, los que se entrenan son Valentino Rodr\u00edguez, Tiago Rojas, Agust\u00edn Montero y Santino Marchetti, quienes bajo la conducci\u00f3n del Profesor Mauro Cabrera, coordinador de la escuela municipal, entraron en los \u00faltimos d\u00edas de preparaci\u00f3n espec\u00edfica en la ciudad salte\u00f1a para bajar y competir en los compromisos provinciales de la categor\u00eda U23 y U18 en La Plata y Mar del Plata, como as\u00ed en los compromisos Nacionales en San Luis y Concepci\u00f3n del Uruguay, Entre R\u00edos.<\/p>\n<figure class=\"wp-block-gallery has-nested-images columns-default is-cropped wp-block-gallery-1 is-layout-flex wp-block-gallery-is-layout-flex\">\n<figure class=\"wp-block-image size-large\"><img loading=\"lazy\" decoding=\"async\" class=\"wp-image-85898\" src=\"https:\/\/necochea.gov.ar\/wp-content\/uploads\/2024\/07\/FOTO-atletas-Cachi3.jpg\" alt=\"\" width=\"1424\" height=\"1898\" data-id=\"85898\" \/><\/figure>\n<figure class=\"wp-block-image size-large\"><img loading=\"lazy\" decoding=\"async\" class=\"wp-image-85899\" src=\"https:\/\/necochea.gov.ar\/wp-content\/uploads\/2024\/07\/FOTO-atletas-Cachi4.jpg\" alt=\"\" width=\"1424\" height=\"1898\" data-id=\"85899\" \/><\/figure>\n<\/figure>\n<p>En lo espec\u00edfico del entrenamiento que conduce Cabrera como parte del staff de la Direcci\u00f3n de Deportes, los cuatro atletas entrenan todos los d\u00edas de la semana, alternando doble sesi\u00f3n de entrenamiento, especificando el entrenamiento durante donde los martes, jueves y s\u00e1bados en la pista de atletismo.<\/p>\n<p>En su experiencia en dicha pista, los necochenses han tenido el privilegio de compartir durante con atletas ol\u00edmpicos argentinos, como Daiana Ocampo y Florencia Borelli, quienes estar\u00e1n siendo de la partida en la marat\u00f3n ol\u00edmpica en Par\u00eds; y Belen Casetta, quien competir\u00e1 en los 3000 metros con obst\u00e1culos en los Juegos Ol\u00edmpicos, por lo cual tambi\u00e9n ha sido muy especial. Asimismo, compartieron con atletas de todo Sudam\u00e9rica y de la regi\u00f3n como Iv\u00e1n Ledesma y Tom\u00e1s Ben\u00edtez (de Necochea) ambos bajo las \u00f3rdenes de Leonardo Malgor en Mar del Plata, a quien representan federativamente.<\/p>\n<figure class=\"wp-block-gallery has-nested-images columns-default is-cropped wp-block-gallery-2 is-layout-flex wp-block-gallery-is-layout-flex\">\n<figure class=\"wp-block-image size-large\"><img loading=\"lazy\" decoding=\"async\" class=\"wp-image-85897\" src=\"https:\/\/necochea.gov.ar\/wp-content\/uploads\/2024\/07\/FOTO-atletas-Cachi2.jpg\" alt=\"\" width=\"1424\" height=\"1898\" data-id=\"85897\" \/><figcaption class=\"wp-element-caption\">Agust\u00edn Montero junto a la ol\u00edmpica Flor Borrelli<\/figcaption><\/figure>\n<figure class=\"wp-block-image size-large\"><img loading=\"lazy\" decoding=\"async\" class=\"wp-image-85900\" src=\"https:\/\/necochea.gov.ar\/wp-content\/uploads\/2024\/07\/FOTO-atletas-Cachi5.jpg\" alt=\"\" width=\"1424\" height=\"1898\" data-id=\"85900\" \/><figcaption class=\"wp-element-caption\">Valentino Rodr\u00edguez, tambi\u00e9n con la fondista<\/figcaption><\/figure>\n<\/figure>\n<p>Con buenas expectativas de cara al segundo semestre competitivo, el Prof. Cabrera resalt\u00f3 que \u201clos necochenses son pioneros en este tipo de preparaciones y un espejo para los m\u00e1s chicos de la instituci\u00f3n, con lo que significa estar tantos d\u00edas resolviendo por sus propios medios y en equipo los quehaceres diarios, adem\u00e1s de entrenar con el crecimiento no solo deportivo, sino emocional y personal que este tipo de experiencias permiten\u201d.<\/p>\n<p>Estas posibilidades son alcanzables gracias al trabajo constante del profesor Mauro Cabrera, quien gestiona no solo el entrenamiento sino de forma conjunta con las familias y los sponsor que se consiguen, siendo una eslab\u00f3n fundamental en un deportista estas preparaciones f\u00edsicas espec\u00edficas en los periodos que puedan coordinar con sus estudios, ya que en el caso de Valentino y Tiago se encuentran finalizando sus estudios secundarios, Agust\u00edn Montero en el primer a\u00f1o de sus estudios universitarios y Santino Marchetti en el segundo a\u00f1o del profesorado de Educaci\u00f3n F\u00edsica.<\/p>\n<p>\u201cEs muy destacable que est\u00e9n con sus estudios del nivel superior y\/o universitario en nuestra ciudad, permitiendo Necochea en general y la escuela de atletismo en particular que se puedan iniciar, formar y desarrollar en un deporte, en este caso el atletismo, el deporte madre y en el seno de una escuela municipal, con el valor que eso tiene, concluy\u00f3 Cabrera.<\/p>\n<\/div>\n<\/div>\n","protected":false},"excerpt":{"rendered":"<p>En el norte argentino son cuatro los alumnos necochenses que son entrenados por Mauro Cabrera y que intensifican con la mira puesta en el segundo semestre. En la altura del norte Argentino, en Cachi, Salta los atletas de la Escuela Municipal que representan a Necochea se encuentran finalizando su preparaci\u00f3n espec\u00edfica de cara a los [&hellip;]<\/p>\n","protected":false},"author":3,"featured_media":108960,"comment_status":"open","ping_status":"open","sticky":false,"template":"","format":"standard","meta":{"footnotes":""},"categories":[5],"tags":[],"class_list":{"0":"post-108959","1":"post","2":"type-post","3":"status-publish","4":"format-standard","5":"has-post-thumbnail","7":"category-neco"},"_links":{"self":[{"href":"https:\/\/primicias2262.com\/noticias\/wp-json\/wp\/v2\/posts\/108959","targetHints":{"allow":["GET"]}}],"collection":[{"href":"https:\/\/primicias2262.com\/noticias\/wp-json\/wp\/v2\/posts"}],"about":[{"href":"https:\/\/primicias2262.com\/noticias\/wp-json\/wp\/v2\/types\/post"}],"author":[{"embeddable":true,"href":"https:\/\/primicias2262.com\/noticias\/wp-json\/wp\/v2\/users\/3"}],"replies":[{"embeddable":true,"href":"https:\/\/primicias2262.com\/noticias\/wp-json\/wp\/v2\/comments?post=108959"}],"version-history":[{"count":2,"href":"https:\/\/primicias2262.com\/noticias\/wp-json\/wp\/v2\/posts\/108959\/revisions"}],"predecessor-version":[{"id":108963,"href":"https:\/\/primicias2262.com\/noticias\/wp-json\/wp\/v2\/posts\/108959\/revisions\/108963"}],"wp:featuredmedia":[{"embeddable":true,"href":"https:\/\/primicias2262.com\/noticias\/wp-json\/wp\/v2\/media\/108960"}],"wp:attachment":[{"href":"https:\/\/primicias2262.com\/noticias\/wp-json\/wp\/v2\/media?parent=108959"}],"wp:term":[{"taxonomy":"category","embeddable":true,"href":"https:\/\/primicias2262.com\/noticias\/wp-json\/wp\/v2\/categories?post=108959"},{"taxonomy":"post_tag","embeddable":true,"href":"https:\/\/primicias2262.com\/noticias\/wp-json\/wp\/v2\/tags?post=108959"}],"curies":[{"name":"wp","href":"https:\/\/api.w.org\/{rel}","templated":true}]}}