{"id":108975,"date":"2024-07-29T18:00:59","date_gmt":"2024-07-29T18:00:59","guid":{"rendered":"https:\/\/primicias2262.com\/noticias\/?p=108975"},"modified":"2024-07-29T18:00:59","modified_gmt":"2024-07-29T18:00:59","slug":"por-problemas-de-luz-el-centro-civico-no-atendera-al-publico-este-martes","status":"publish","type":"post","link":"https:\/\/primicias2262.com\/noticias\/por-problemas-de-luz-el-centro-civico-no-atendera-al-publico-este-martes\/","title":{"rendered":"Por problemas de luz el Centro C\u00edvico no atender\u00e1 al p\u00fablico este martes"},"content":{"rendered":"<p><strong>Por problemas con el suministro el\u00e9ctrico, las dependencias municipales que funcionan en el edificio de Avenida 58 y calle 61 no estar\u00e1n abiertas a la comunidad en la jornada del 30 de julio.<\/strong><\/p>\n<p>Durante la jornada de este martes 30 de julio, debido a problemas con el suministro el\u00e9ctrico en el edificio ubicado en la esquina de Avenida 58 y calle 61, las dependencias municipales que funcionan en el Centro C\u00edvico no estar\u00e1n atendiendo al p\u00fablico.<\/p>\n<p>Al estar impedidas de contar con los respectivos sistemas que son utilizados para la carga de tr\u00e1mites, las dependencias que dependen de Gobierno y de Desarrollo Humano, adem\u00e1s de los tribunales de Faltas, comunicaron que trabajar\u00e1n a puertas cerradas hasta que se pueda normalizar la situaci\u00f3n.<\/p>\n<p>Pidiendo las disculpas del caso a toda la comunidad, el municipio informa con respecto al \u00e1rea de Industria y Comercio que aquellos quienes tengan vencimiento en el plazo de entrega de alguna documentaci\u00f3n en espec\u00edfico, se les prorrogar\u00e1 el tiempo de presentaci\u00f3n por otros cinco d\u00edas.<\/p>\n","protected":false},"excerpt":{"rendered":"<p>Por problemas con el suministro el\u00e9ctrico, las dependencias municipales que funcionan en el edificio de Avenida 58 y calle 61 no estar\u00e1n abiertas a la comunidad en la jornada del 30 de julio. Durante la jornada de este martes 30 de julio, debido a problemas con el suministro el\u00e9ctrico en el edificio ubicado en la [&hellip;]<\/p>\n","protected":false},"author":3,"featured_media":108976,"comment_status":"open","ping_status":"open","sticky":false,"template":"","format":"standard","meta":{"footnotes":""},"categories":[5],"tags":[],"class_list":{"0":"post-108975","1":"post","2":"type-post","3":"status-publish","4":"format-standard","5":"has-post-thumbnail","7":"category-neco"},"_links":{"self":[{"href":"https:\/\/primicias2262.com\/noticias\/wp-json\/wp\/v2\/posts\/108975","targetHints":{"allow":["GET"]}}],"collection":[{"href":"https:\/\/primicias2262.com\/noticias\/wp-json\/wp\/v2\/posts"}],"about":[{"href":"https:\/\/primicias2262.com\/noticias\/wp-json\/wp\/v2\/types\/post"}],"author":[{"embeddable":true,"href":"https:\/\/primicias2262.com\/noticias\/wp-json\/wp\/v2\/users\/3"}],"replies":[{"embeddable":true,"href":"https:\/\/primicias2262.com\/noticias\/wp-json\/wp\/v2\/comments?post=108975"}],"version-history":[{"count":2,"href":"https:\/\/primicias2262.com\/noticias\/wp-json\/wp\/v2\/posts\/108975\/revisions"}],"predecessor-version":[{"id":108978,"href":"https:\/\/primicias2262.com\/noticias\/wp-json\/wp\/v2\/posts\/108975\/revisions\/108978"}],"wp:featuredmedia":[{"embeddable":true,"href":"https:\/\/primicias2262.com\/noticias\/wp-json\/wp\/v2\/media\/108976"}],"wp:attachment":[{"href":"https:\/\/primicias2262.com\/noticias\/wp-json\/wp\/v2\/media?parent=108975"}],"wp:term":[{"taxonomy":"category","embeddable":true,"href":"https:\/\/primicias2262.com\/noticias\/wp-json\/wp\/v2\/categories?post=108975"},{"taxonomy":"post_tag","embeddable":true,"href":"https:\/\/primicias2262.com\/noticias\/wp-json\/wp\/v2\/tags?post=108975"}],"curies":[{"name":"wp","href":"https:\/\/api.w.org\/{rel}","templated":true}]}}